{"id":53489,"date":"1970-01-01T01:00:00","date_gmt":"1970-01-01T00:00:00","guid":{"rendered":"https:\/\/theworldwidejournal.com\/1970\/01\/01\/la-cup-no-participara-en-los-actos-de-homenaje-a-las-victimas-del-17-a-por-la-presencia-del-rey\/"},"modified":"1970-01-01T01:00:00","modified_gmt":"1970-01-01T00:00:00","slug":"la-cup-no-participara-en-los-actos-de-homenaje-a-las-victimas-del-17-a-por-la-presencia-del-rey","status":"publish","type":"post","link":"https:\/\/theworldwidejournal.com\/?p=53489","title":{"rendered":"La CUP no participar\u00e1 en los actos de homenaje a las v\u00edctimas del 17-A por la presencia del Rey"},"content":{"rendered":"<p>La diputada de la CUP Natalia S\u00e1nchez ha afirmado hoy que su partido no participar\u00e1 en los actos oficiales de homenaje a las v\u00edctimas de los atentados en su primera aniversario por la presencia del rey Felipe VI. \u00abEntendemos que no tenemos que participar en actos con el monarca espa\u00f1ol, porque es c\u00f3mplice de la negociaci\u00f3n y la compraventa de armas que generan conflictos globales, y que tienen mucho que ver con la situaci\u00f3n lamentable que nos lleva a los atentados de Barcelona y de otras capitales europeas\u00bb, ha afirmado S\u00e1nchez en unas declaraciones a RAC1. Por otro lado, la diputada de la CUP insisti\u00f3 en que \u00abno quiere decir que no sintamos solidaridad con las v\u00edctimas de esta tragedia pero no tenemos nada que hacer en un acto con un c\u00f3mplice de la venta de armas en pa\u00edses que alimentan la violencia\u00bb. Sobre la posibilidad de que se reproduzcan abucheos al Rey, S\u00e1nchez ha manifestado que \u00abel rechazo al monarca se ha hecho evidente en muchas ocasiones y, por tanto, es probable que vuelva a ocurrir este d\u00eda\u00bb. \u00abLos protagonistas son las familias\u00bb Por su parte, la Asamblea Nacional Catalana (ANC) no organizar\u00e1 ninguna acci\u00f3n de protesta contra el Rey en el primer aniversario de los atentados, pero s\u00ed prepara un homenaje al exconseller Joaquim Forn y el mayor de los Mossos d\u2019Esquadra Josep Llu\u00eds Trapero, ante la c\u00e1rcel de Lledoners. La presidente de la entidad, Elisenda Paluzie, ha argumentado que los \u00abprotagonistas centrales del acto son las familias de las v\u00edctimas de los atentados: \u00abeso es lo que hemos de poner en el centro y hemos de respetar todos, tambi\u00e9n el Gobierno del Estado\u00bb, ha remarcado. Paluzie ha dado a entender que la ANC no organizar\u00e1 ninguna protesta expl\u00edcita contra la presencia del Rey en el acto del 17A Lo que s\u00ed impulsar\u00e1 la ANC, junto con \u00d3mnium Cultural y otras entidades, es un acto por la tarde ante la c\u00e1rcel de Lledoners -donde se encuentra en prisi\u00f3n preventiva Forn- en homenaje al exconseller de Interior, a Trapero &#8211; sometido tambi\u00e9n al proceso judicial por el 1-0 y, en general, a los cuerpos de emergencias y los Mossos d\u2019Esquadra por su actuaci\u00f3n ese d\u00eda. El acto, \u00abdesvinculado\u00bb del homenaje que se celebrar\u00e1 por la ma\u00f1ana en Barcelona con la presencia del Rey, coincidir\u00e1 con la visita del propio presidente de la Genereralitat, Quim Torra, a la c\u00e1rcel de Lledoners, para encontrarse con los soberanistas all\u00ed presos.<br \/>\nVia: <a href=\"https:\/\/www.abc.es\/espana\/catalunya\/barcelona\/abci-no-participara-actos-homenaje-victimas-17-a-presencia-201808101346_noticia.html\" target=\"_blank\">La CUP no participar\u00e1 en los actos de homenaje a las v\u00edctimas del 17-A por la presencia del Rey<\/a><\/p>\n","protected":false},"excerpt":{"rendered":"<p>La diputada de la CUP Natalia S\u00e1nchez ha afirmado hoy que su partido no participar\u00e1 en los actos oficiales de homenaje a las v\u00edctimas de los atentados en su primera aniversario por la presencia del rey Felipe VI. \u00abEntendemos que no tenemos que participar en actos con el monarca espa\u00f1ol, [&hellip;]<\/p>\n","protected":false},"author":2,"featured_media":0,"comment_status":"open","ping_status":"closed","sticky":false,"template":"","format":"standard","meta":{"footnotes":""},"categories":[6],"tags":[],"class_list":["post-53489","post","type-post","status-publish","format-standard","hentry","category-spanish"],"_links":{"self":[{"href":"https:\/\/theworldwidejournal.com\/index.php?rest_route=\/wp\/v2\/posts\/53489","targetHints":{"allow":["GET"]}}],"collection":[{"href":"https:\/\/theworldwidejournal.com\/index.php?rest_route=\/wp\/v2\/posts"}],"about":[{"href":"https:\/\/theworldwidejournal.com\/index.php?rest_route=\/wp\/v2\/types\/post"}],"author":[{"embeddable":true,"href":"https:\/\/theworldwidejournal.com\/index.php?rest_route=\/wp\/v2\/users\/2"}],"replies":[{"embeddable":true,"href":"https:\/\/theworldwidejournal.com\/index.php?rest_route=%2Fwp%2Fv2%2Fcomments&post=53489"}],"version-history":[{"count":0,"href":"https:\/\/theworldwidejournal.com\/index.php?rest_route=\/wp\/v2\/posts\/53489\/revisions"}],"wp:attachment":[{"href":"https:\/\/theworldwidejournal.com\/index.php?rest_route=%2Fwp%2Fv2%2Fmedia&parent=53489"}],"wp:term":[{"taxonomy":"category","embeddable":true,"href":"https:\/\/theworldwidejournal.com\/index.php?rest_route=%2Fwp%2Fv2%2Fcategories&post=53489"},{"taxonomy":"post_tag","embeddable":true,"href":"https:\/\/theworldwidejournal.com\/index.php?rest_route=%2Fwp%2Fv2%2Ftags&post=53489"}],"curies":[{"name":"wp","href":"https:\/\/api.w.org\/{rel}","templated":true}]}}