{"id":53554,"date":"1970-01-01T01:00:00","date_gmt":"1970-01-01T00:00:00","guid":{"rendered":"https:\/\/theworldwidejournal.com\/1970\/01\/01\/peleteiro-consigue-un-bronce-de-ley\/"},"modified":"1970-01-01T01:00:00","modified_gmt":"1970-01-01T00:00:00","slug":"peleteiro-consigue-un-bronce-de-ley","status":"publish","type":"post","link":"https:\/\/theworldwidejournal.com\/?p=53554","title":{"rendered":"Peleteiro consigue un bronce de ley"},"content":{"rendered":"<p>Ana Peleteiro sonr\u00ede al fin, se abraza a sus competidoras, la griega Papahristou y la alemana Gierisch, oro y plata en el triple salto en el Europeo de Berl\u00edn, viste la bandera de Espa\u00f1a y se quita un peso de encima. Ya puede almacenar en sus vitrinas una medalla en la alta competici\u00f3n, al aire libre, donde se citan los mejores. Un bronce de ley cuelga de su cuello despu\u00e9s de un solvente cncurso en el triple salto y de dos a\u00f1os bajo la tutela de Iv\u00e1n Pedroso, el c\u00e9lebre saltador cubano que empieza a explotar su potencial. Despu\u00e9s de saltar y antes incluso de respirar, Ana Peleteiro acude rauda hasta la posici\u00f3n de Iv\u00e1n Pedroso en la grada. Su primer intento en Berl\u00edn ha sido fant\u00e1stico (14.42), solo trece cent\u00edmetros peor que su marca personal. La leyenda cubana del salto de longitud, no quiere atletas del mont\u00f3n, que ocupen su tiempo en el foso como quien va al trabajo a consumir horas sin m\u00e1s. Quiere campeones. Peleteiro est\u00e1 en ese proceso y se observa en detalles que muestran su determinaci\u00f3n. Pedroso la anima, le corrige un par de gestos, la dice que s\u00ed. El \u00faltimo Europeo, hace dos a\u00f1os en Amsterdam, Peleteiro lo pas\u00f3 en casa llorando, lament\u00e1ndose por su mala suerte, su destino torcido. Con Pedroso ha encontrado otra dimensi\u00f3n. Confianza, sacrificio en la pista y en la mesa, la b\u00e1scula cada d\u00eda. Su segundo salto tambi\u00e9n tuvo cuajo, 14.33. Regularidad, constancia, valores recuperados para la gallega. La alemana Gierisch hab\u00eda inaugurado la competici\u00f3n con dos zancadas de 14.45, tres cent\u00edmetros por encima de su mejor marca. El asunto se pon\u00eda duro desde el principio, desde que la griega Papahristou se fue cerca de los 15 metros en un asalto nulo. Despu\u00e9s orden\u00f3 la final a partir de sus incre\u00edbles piernas: 14.60, tope para el oro. El concurso de la gallega fue notable. Dos saltos muy largos, pero nulos, la hicieron pensar en metas mayores, en apartar a la germana de ese segundo escal\u00f3n con el que so\u00f1aba. La tensi\u00f3n de la competici\u00f3n la deposit\u00f3 en el \u00faltimo intento con la rumana Panturou pis\u00e1ndole los talones. Por ah\u00ed se adivin\u00f3 su madurez. Con toda la presi\u00f3n, Peleteiro brinc\u00f3 hasta 14,44, a un cent\u00edmetro de la plata de la alemana. Bronce muy solvente para ella que sirve para consolidar la confianza que buscaba. Husillos, sin opci\u00f3n \u00d3scar Husillos compareci\u00f3 en la final de 400 con sus h\u00e1bitos se\u00f1a de identidad. Los gafas de sol, pese a ser noche cerrada en Berl\u00edn, los manguitos negros en los brazos, la barba de varios d\u00edas&#8230; Tambi\u00e9n ten\u00eda fe, aunque casi un minuto m\u00e1s tarde se demostr\u00f3 que no era propietario del mismo estado forma que lo proclam\u00f3 campe\u00f3n mundial virtual en pista en Birmingham, en aquel pisot\u00f3n maldito a la l\u00ednea. Enseguida que el oro volaba a Gran Breta\u00f1a. Sali\u00f3 como un tiro Hudson-Smith y no par\u00f3 hasta la meta con un registro que no pasar\u00e1 a la historia (44.78). A su espalda tambi\u00e9n planearon los hermanos belgas Borl\u00e9e, cogidos de la mano en el podio, plata y bronce. Husillos sali\u00f3 fuerte, como sale todas las temporadas en la pista cubierta, pero fue cediendo al calent\u00f3n inicial seg\u00fan se consum\u00edan los metros. Su empe\u00f1o fue total, entregado sin desmayo, pero el resultado lo apart\u00f3 de cualquier ilusi\u00f3n. Su marca (45.61) es casi un segundo peor que los 44.73 de junio en el mitin de Madrid . Un cierto baj\u00f3n depar\u00f3 la actuaci\u00f3n de Husillos, como tambi\u00e9n lo produjo la clasificaci\u00f3n de 800 metros, magn\u00edfico vivero donde Espa\u00f1a ten\u00eda a Sa\u00fal Ord\u00f3\u00f1ez con r\u00e9cord nacional reciente (1.43:65) y visi\u00f3n futurista de medalla, puesto que nadie hab\u00eda corrido m\u00e1s r\u00e1pido que \u00e9l este a\u00f1o, ni siquiera el campe\u00f3n mundial Pierre-Ambroise Bosse. Luch\u00f3 el leon\u00e9s seg\u00fan su costumbre guerrera, pero se qued\u00f3 sin fuelle para entrar en la final por puestos (los tres primeros de cada serie) con un tiempo discreto, 1.46:82. Tuvo que pasar por la sala de espera, instaurada en el ciclismo, y esperar al tiempo de la otra semifinal. Otro espa\u00f1ol, \u00c1lvaro de Arriba le arrebat\u00f3 la plaza, aunque tampoco dio la sensaci\u00f3n de estar para luchar por el podio.<br \/>\nVia: <a href=\"https:\/\/www.abc.es\/deportes\/abci-peleteiro-consigue-bronce-ley-201808102155_noticia.html\" target=\"_blank\">Peleteiro consigue un bronce de ley<\/a><\/p>\n","protected":false},"excerpt":{"rendered":"<p>Ana Peleteiro sonr\u00ede al fin, se abraza a sus competidoras, la griega Papahristou y la alemana Gierisch, oro y plata en el triple salto en el Europeo de Berl\u00edn, viste la bandera de Espa\u00f1a y se quita un peso de encima. Ya puede almacenar en sus vitrinas una medalla en [&hellip;]<\/p>\n","protected":false},"author":2,"featured_media":53555,"comment_status":"open","ping_status":"closed","sticky":false,"template":"","format":"standard","meta":{"footnotes":""},"categories":[6],"tags":[],"class_list":["post-53554","post","type-post","status-publish","format-standard","has-post-thumbnail","hentry","category-spanish"],"_links":{"self":[{"href":"https:\/\/theworldwidejournal.com\/index.php?rest_route=\/wp\/v2\/posts\/53554","targetHints":{"allow":["GET"]}}],"collection":[{"href":"https:\/\/theworldwidejournal.com\/index.php?rest_route=\/wp\/v2\/posts"}],"about":[{"href":"https:\/\/theworldwidejournal.com\/index.php?rest_route=\/wp\/v2\/types\/post"}],"author":[{"embeddable":true,"href":"https:\/\/theworldwidejournal.com\/index.php?rest_route=\/wp\/v2\/users\/2"}],"replies":[{"embeddable":true,"href":"https:\/\/theworldwidejournal.com\/index.php?rest_route=%2Fwp%2Fv2%2Fcomments&post=53554"}],"version-history":[{"count":0,"href":"https:\/\/theworldwidejournal.com\/index.php?rest_route=\/wp\/v2\/posts\/53554\/revisions"}],"wp:featuredmedia":[{"embeddable":true,"href":"https:\/\/theworldwidejournal.com\/index.php?rest_route=\/wp\/v2\/media\/53555"}],"wp:attachment":[{"href":"https:\/\/theworldwidejournal.com\/index.php?rest_route=%2Fwp%2Fv2%2Fmedia&parent=53554"}],"wp:term":[{"taxonomy":"category","embeddable":true,"href":"https:\/\/theworldwidejournal.com\/index.php?rest_route=%2Fwp%2Fv2%2Fcategories&post=53554"},{"taxonomy":"post_tag","embeddable":true,"href":"https:\/\/theworldwidejournal.com\/index.php?rest_route=%2Fwp%2Fv2%2Ftags&post=53554"}],"curies":[{"name":"wp","href":"https:\/\/api.w.org\/{rel}","templated":true}]}}