{"id":53618,"date":"1970-01-01T01:00:00","date_gmt":"1970-01-01T00:00:00","guid":{"rendered":"https:\/\/theworldwidejournal.com\/1970\/01\/01\/sanchez-y-merkel-se-reunen-en-donana-para-buscar-posiciones-comunes-sobre-la-inmigracion\/"},"modified":"1970-01-01T01:00:00","modified_gmt":"1970-01-01T00:00:00","slug":"sanchez-y-merkel-se-reunen-en-donana-para-buscar-posiciones-comunes-sobre-la-inmigracion","status":"publish","type":"post","link":"https:\/\/theworldwidejournal.com\/?p=53618","title":{"rendered":"S\u00e1nchez y Merkel se re\u00fanen en Do\u00f1ana para buscar posiciones comunes sobre la inmigraci\u00f3n"},"content":{"rendered":"<p>El presidente del Gobierno, Pedro S\u00e1nchez, y la canciller alemana, Angela Merkel, abordar\u00e1n este fin de semana en Do\u00f1ana los temas centrales de la agenda europea, como la pol\u00edtica migratoria y de defensa, la uni\u00f3n monetaria y econ\u00f3mica y el pilar social de la UE, para avanzar en una posici\u00f3n y estrategia com\u00fan. Se trata del segundo encuentro bilateral entre ambos \u2014despu\u00e9s del mantenido el 26 de junio en Berl\u00edn\u2014 aunque se han encontrado en otras tres ocasiones en Bruselas. Un encuentro informal el de hoy pero tambi\u00e9n de trabajo en el que, aparte de la reuni\u00f3n bilateral para abordar estas cuestiones fundamentales para la UE, ambos mandatarios tendr\u00e1n tiempo para conocerse mejor y mantener un contacto m\u00e1s humano y directo. La canciller alemana, \u00c1ngela Merkel, ha llegado a las 13.00 horas al Palacio de los Guzmanes, sede de la Fundaci\u00f3n Casa Medina Sidonia en Sanl\u00facar de Barrameda (C\u00e1diz), donde va a celebrar un almuerzo de trabajo con el presidente del Gobierno, Pedro S\u00e1nchez. En la entrada del Palacio de los Guzmanes Merkel y su esposo, Joachim Sauer, han sido recibidos por Pedro S\u00e1nchez y su esposa, Bego\u00f1a G\u00f3mez, ante la mirada de m\u00e1s de un centenar de curiosos, en una zona controlada por un fuerte dispositivo de seguridad. Poco antes, a las 12.42 horas, hab\u00eda entrado en el palacio el presidente del Gobierno espa\u00f1ol y su esposa, momento en el que algunos de los congregados han protestado contra el desalojo de pisos ocupados S\u00e1nchez ha invitado a Merkel a pasar los d\u00edas 11 y 12 de agosto en la finca del Palacio de las Marismillas, en Do\u00f1ana, donde despu\u00e9s de la reuni\u00f3n de trabajo de hoy dedicar\u00e1n el domingo a una actividad m\u00e1s privada, con una visita a este parque, en el que el presidente del Gobierno pasa unos d\u00edas de descanso con su familia. As\u00ed, la jornada estar\u00e1 dedicada a la naturaleza y S\u00e1nchez ense\u00f1ar\u00e1 a Merkel la playa y el Parque Nacional de Do\u00f1ana y la labor que se realiza desde el centro de cr\u00eda en cautividad del lince ib\u00e9rico \u00abEl Acebuche\u00bb para la defensa y recuperaci\u00f3n de especies amenazadas. La parte m\u00e1s privada, en la que ambos conversar\u00e1n en ingl\u00e9s sin traductores de por medio, incluye asimismo una cena el s\u00e1bado y una comida el domingo, en los dos casos con sus respectivos c\u00f3nyuges.<br \/>\nVia: <a href=\"https:\/\/www.abc.es\/espana\/abci-sanchez-y-merkel-buscan-donana-posiciones-comunes-sobre-inmigracion-201808110817_noticia.html\" target=\"_blank\">S\u00e1nchez y Merkel se re\u00fanen en Do\u00f1ana para buscar posiciones comunes sobre la inmigraci\u00f3n<\/a><\/p>\n","protected":false},"excerpt":{"rendered":"<p>El presidente del Gobierno, Pedro S\u00e1nchez, y la canciller alemana, Angela Merkel, abordar\u00e1n este fin de semana en Do\u00f1ana los temas centrales de la agenda europea, como la pol\u00edtica migratoria y de defensa, la uni\u00f3n monetaria y econ\u00f3mica y el pilar social de la UE, para avanzar en una posici\u00f3n [&hellip;]<\/p>\n","protected":false},"author":2,"featured_media":53619,"comment_status":"open","ping_status":"closed","sticky":false,"template":"","format":"standard","meta":{"footnotes":""},"categories":[6],"tags":[],"class_list":["post-53618","post","type-post","status-publish","format-standard","has-post-thumbnail","hentry","category-spanish"],"_links":{"self":[{"href":"https:\/\/theworldwidejournal.com\/index.php?rest_route=\/wp\/v2\/posts\/53618","targetHints":{"allow":["GET"]}}],"collection":[{"href":"https:\/\/theworldwidejournal.com\/index.php?rest_route=\/wp\/v2\/posts"}],"about":[{"href":"https:\/\/theworldwidejournal.com\/index.php?rest_route=\/wp\/v2\/types\/post"}],"author":[{"embeddable":true,"href":"https:\/\/theworldwidejournal.com\/index.php?rest_route=\/wp\/v2\/users\/2"}],"replies":[{"embeddable":true,"href":"https:\/\/theworldwidejournal.com\/index.php?rest_route=%2Fwp%2Fv2%2Fcomments&post=53618"}],"version-history":[{"count":0,"href":"https:\/\/theworldwidejournal.com\/index.php?rest_route=\/wp\/v2\/posts\/53618\/revisions"}],"wp:featuredmedia":[{"embeddable":true,"href":"https:\/\/theworldwidejournal.com\/index.php?rest_route=\/wp\/v2\/media\/53619"}],"wp:attachment":[{"href":"https:\/\/theworldwidejournal.com\/index.php?rest_route=%2Fwp%2Fv2%2Fmedia&parent=53618"}],"wp:term":[{"taxonomy":"category","embeddable":true,"href":"https:\/\/theworldwidejournal.com\/index.php?rest_route=%2Fwp%2Fv2%2Fcategories&post=53618"},{"taxonomy":"post_tag","embeddable":true,"href":"https:\/\/theworldwidejournal.com\/index.php?rest_route=%2Fwp%2Fv2%2Ftags&post=53618"}],"curies":[{"name":"wp","href":"https:\/\/api.w.org\/{rel}","templated":true}]}}