{"id":53626,"date":"1970-01-01T01:00:00","date_gmt":"1970-01-01T00:00:00","guid":{"rendered":"https:\/\/theworldwidejournal.com\/1970\/01\/01\/en-libertad-con-cargos-el-abuelo-que-se-dejo-olvidada-a-su-nieta-de-10-meses-en-el-coche\/"},"modified":"1970-01-01T01:00:00","modified_gmt":"1970-01-01T00:00:00","slug":"en-libertad-con-cargos-el-abuelo-que-se-dejo-olvidada-a-su-nieta-de-10-meses-en-el-coche","status":"publish","type":"post","link":"https:\/\/theworldwidejournal.com\/?p=53626","title":{"rendered":"En libertad con cargos el abuelo que se dej\u00f3 olvidada a su nieta de 10 meses en el coche"},"content":{"rendered":"<p>El abuelo que dej\u00f3 olvidada a su nieta de 10 meses durante ocho horas en el interior de su propio veh\u00edculo \u2014hecho que provoc\u00f3 la muerte del beb\u00e9\u2014 qued\u00f3 este viernes por la noche en libertad con cargos, despu\u00e9s de haber prestado declaraci\u00f3n ante la Polic\u00eda Nacional. Por el momento, se le atribuye al hombre un presunto delito de homicidio imprudente, a la espera de que la pr\u00f3xima semana comparezca ante el juez que instruye el caso. El suceso tuvo lugar este viernes en la ciudad mallorquina de Manacor. El abuelo de la criatura se hab\u00eda hecho cargo del cuidado de su nieta a primera hora de la ma\u00f1ana. El hombre, de nacionalidad espa\u00f1ola y 56 a\u00f1os de edad, hab\u00eda salido de la casa familiar en torno a las siete de la ma\u00f1ana con el beb\u00e9, que viajaba en el veh\u00edculo. Al parecer, poco despu\u00e9s el hombre aparc\u00f3 su coche en la calle S&#8217;Hort des Cabr\u00e9, vio que su nieta estaba dormida y se fue a un bar a tomar un caf\u00e9, dejando a la criatura dentro. Horas despu\u00e9s, en torno a las tres de la tarde, el hombre regres\u00f3 a la calle en la que hab\u00eda aparcado su coche y fue en ese momento cuando se percat\u00f3 de que hab\u00eda dejado a su nieta sola durante ocho horas, presumiblemente por un descuido para el que en estos momentos a\u00fan no se encuentra una posible explicaci\u00f3n. El abuelo pidi\u00f3 ayuda de manera inmediata a un m\u00e9dico que pasaba por el lugar. Adem\u00e1s, dos trabajadores de una cl\u00ednica cercana intentaron auxiliar tambi\u00e9n al beb\u00e9. De inmediato se desplazaron hasta la calle S&#8217;Hort des Cabr\u00e9 agentes de la Polic\u00eda Local y de la Polic\u00eda Nacional, as\u00ed como los servicios sanitarios de emergencias. La criatura fue llevada a un portal pr\u00f3ximo, en donde le practicaron al beb\u00e9 maniobras de reanimaci\u00f3n, pero los facultativos no pudieron hacer ya nada por salvar su vida. La ni\u00f1ita hab\u00eda fallecido poco antes, al parecer por un golpe de calor. Las causas exactas del fallecimiento de la criatura ser\u00e1n determinadas con la autopsia que se le practicar\u00e1 este s\u00e1bado. Investigaci\u00f3n en marcha Tras confirmarse la muerte del beb\u00e9, su abuelo sufri\u00f3 un cuadro de ansiedad, que provoc\u00f3 que fuera trasladado de urgencia al Hospital de Manacor. El hombre fue dado de alta poco despu\u00e9s y sali\u00f3 del hospital custodiado por la Polic\u00eda Nacional, que pas\u00f3 a ocuparse de la investigaci\u00f3n y de las diligencias previas. Cabe recordar, en este contexto, que las penas por homicidio imprudente pueden suponer, en caso de que finalmente haya un juicio y una condena, entre uno y cuatro a\u00f1os de prisi\u00f3n. En principio, el juez que instruye el caso citar\u00e1 al abuelo la pr\u00f3xima semana, en calidad de investigado \u2014equivalente a imputado\u2014, para que d\u00e9 su versi\u00f3n de los hechos. La evoluci\u00f3n judicial de este caso depender\u00e1 de varias circunstancias, como por ejemplo de si los padres del beb\u00e9 decidieran presentar o no una denuncia. Los progenitores son un matrimonio muy joven que viven en la localidad de Son Maci\u00e0, tambi\u00e9n en el municipio de Manacor. Desde el pasado jueves Son Maci\u00e0 se encontraba en fiestas, que fueron suspendidas de inmediato tras tenerse conocimiento de la tragedia. Seg\u00fan ha publicado este s\u00e1bado el diario \u00ab\u00daltima Hora\u00bb, vecinos de Son Maci\u00e0 explicaron que el abuelo, que trabaja en el sector de la construcci\u00f3n, sufrir\u00eda problemas de memoria. No obstante, este extremo no ha podido ser a\u00fan confirmado. Otra circunstancia tambi\u00e9n todav\u00eda por determinar es si ninguna persona que pas\u00f3 por la calle S&#8217;Hort des Cabr\u00e9 entre las siete de la ma\u00f1ana y las tres de la tarde vio al beb\u00e9 encerrado en el veh\u00edculo.<br \/>\nVia: <a href=\"https:\/\/www.abc.es\/sociedad\/abci-libertad-cargos-abuelo-dejo-olvidada-nieta-10-meses-coche-201808111323_noticia.html\" target=\"_blank\">En libertad con cargos el abuelo que se dej\u00f3 olvidada a su nieta de 10 meses en el coche<\/a><\/p>\n","protected":false},"excerpt":{"rendered":"<p>El abuelo que dej\u00f3 olvidada a su nieta de 10 meses durante ocho horas en el interior de su propio veh\u00edculo \u2014hecho que provoc\u00f3 la muerte del beb\u00e9\u2014 qued\u00f3 este viernes por la noche en libertad con cargos, despu\u00e9s de haber prestado declaraci\u00f3n ante la Polic\u00eda Nacional. Por el momento, [&hellip;]<\/p>\n","protected":false},"author":2,"featured_media":53627,"comment_status":"open","ping_status":"closed","sticky":false,"template":"","format":"standard","meta":{"footnotes":""},"categories":[6],"tags":[],"class_list":["post-53626","post","type-post","status-publish","format-standard","has-post-thumbnail","hentry","category-spanish"],"_links":{"self":[{"href":"https:\/\/theworldwidejournal.com\/index.php?rest_route=\/wp\/v2\/posts\/53626","targetHints":{"allow":["GET"]}}],"collection":[{"href":"https:\/\/theworldwidejournal.com\/index.php?rest_route=\/wp\/v2\/posts"}],"about":[{"href":"https:\/\/theworldwidejournal.com\/index.php?rest_route=\/wp\/v2\/types\/post"}],"author":[{"embeddable":true,"href":"https:\/\/theworldwidejournal.com\/index.php?rest_route=\/wp\/v2\/users\/2"}],"replies":[{"embeddable":true,"href":"https:\/\/theworldwidejournal.com\/index.php?rest_route=%2Fwp%2Fv2%2Fcomments&post=53626"}],"version-history":[{"count":0,"href":"https:\/\/theworldwidejournal.com\/index.php?rest_route=\/wp\/v2\/posts\/53626\/revisions"}],"wp:featuredmedia":[{"embeddable":true,"href":"https:\/\/theworldwidejournal.com\/index.php?rest_route=\/wp\/v2\/media\/53627"}],"wp:attachment":[{"href":"https:\/\/theworldwidejournal.com\/index.php?rest_route=%2Fwp%2Fv2%2Fmedia&parent=53626"}],"wp:term":[{"taxonomy":"category","embeddable":true,"href":"https:\/\/theworldwidejournal.com\/index.php?rest_route=%2Fwp%2Fv2%2Fcategories&post=53626"},{"taxonomy":"post_tag","embeddable":true,"href":"https:\/\/theworldwidejournal.com\/index.php?rest_route=%2Fwp%2Fv2%2Ftags&post=53626"}],"curies":[{"name":"wp","href":"https:\/\/api.w.org\/{rel}","templated":true}]}}