{"id":53758,"date":"1970-01-01T01:00:00","date_gmt":"1970-01-01T00:00:00","guid":{"rendered":"https:\/\/theworldwidejournal.com\/1970\/01\/01\/fuera-fuera-abucheos-para-recibir-a-pedro-sanchez-en-sanlucar-de-barrameda\/"},"modified":"1970-01-01T01:00:00","modified_gmt":"1970-01-01T00:00:00","slug":"fuera-fuera-abucheos-para-recibir-a-pedro-sanchez-en-sanlucar-de-barrameda","status":"publish","type":"post","link":"https:\/\/theworldwidejournal.com\/?p=53758","title":{"rendered":"\u00ab\u00a1Fuera, fuera!\u00bb: Abucheos para recibir a Pedro S\u00e1nchez en Sanl\u00facar de Barrameda"},"content":{"rendered":"<p>Al grito de \u00ab\u00a1fuera, fuera!\u00bb han recibido a Pedro S\u00e1nchez en la playa de Bajo de Gu\u00eda, en Sanl\u00facar de Barrameda (C\u00e1diz). La comitiva del presidente del Gobierno no ha pasado desapercibida y ha provocado un gran revuelo entre los veraneantes y vecinos que all\u00ed se encontraban. Muchos le reclaman \u00abelecciones\u00bb y le consideran un \u00abokupa\u00bb, pues no olvidan que prometi\u00f3 convocar comicios \u00ablo antes posible\u00bb . Unas decenas de personas han observado en primera l\u00ednea la llegada de S\u00e1nchez junto a la canciller alemana, Angela Merkel, que finalemnte han embarcado y han cruzado el r\u00edo Guadalquivir para visitar el parque nacional y natural de Do\u00f1ana. Antes, abordaron en una reuni\u00f3n las principales cuestiones de la agenda bilateral y europea, con especial atenci\u00f3n a la migraci\u00f3n, un asunto en el que mantienen un enfoque conjunto. Asimismo han tratado la reforma de la uni\u00f3n econ\u00f3mica y monetaria en la que el presidente del Gobierno quiere subrayar la necesidad de tener en cuenta el pilar social y las directivas de calidad en el empleo.<br \/>\nVia: <a href=\"https:\/\/www.abc.es\/espana\/abci-fuera-fuera-abucheos-para-recibir-pedro-sanchez-sanlucar-barrameda-201808121211_video.html\" target=\"_blank\">\u00ab\u00a1Fuera, fuera!\u00bb: Abucheos para recibir a Pedro S\u00e1nchez en Sanl\u00facar de Barrameda<\/a><\/p>\n","protected":false},"excerpt":{"rendered":"<p>Al grito de \u00ab\u00a1fuera, fuera!\u00bb han recibido a Pedro S\u00e1nchez en la playa de Bajo de Gu\u00eda, en Sanl\u00facar de Barrameda (C\u00e1diz). La comitiva del presidente del Gobierno no ha pasado desapercibida y ha provocado un gran revuelo entre los veraneantes y vecinos que all\u00ed se encontraban. Muchos le reclaman [&hellip;]<\/p>\n","protected":false},"author":2,"featured_media":0,"comment_status":"open","ping_status":"closed","sticky":false,"template":"","format":"standard","meta":{"footnotes":""},"categories":[6],"tags":[],"class_list":["post-53758","post","type-post","status-publish","format-standard","hentry","category-spanish"],"_links":{"self":[{"href":"https:\/\/theworldwidejournal.com\/index.php?rest_route=\/wp\/v2\/posts\/53758","targetHints":{"allow":["GET"]}}],"collection":[{"href":"https:\/\/theworldwidejournal.com\/index.php?rest_route=\/wp\/v2\/posts"}],"about":[{"href":"https:\/\/theworldwidejournal.com\/index.php?rest_route=\/wp\/v2\/types\/post"}],"author":[{"embeddable":true,"href":"https:\/\/theworldwidejournal.com\/index.php?rest_route=\/wp\/v2\/users\/2"}],"replies":[{"embeddable":true,"href":"https:\/\/theworldwidejournal.com\/index.php?rest_route=%2Fwp%2Fv2%2Fcomments&post=53758"}],"version-history":[{"count":0,"href":"https:\/\/theworldwidejournal.com\/index.php?rest_route=\/wp\/v2\/posts\/53758\/revisions"}],"wp:attachment":[{"href":"https:\/\/theworldwidejournal.com\/index.php?rest_route=%2Fwp%2Fv2%2Fmedia&parent=53758"}],"wp:term":[{"taxonomy":"category","embeddable":true,"href":"https:\/\/theworldwidejournal.com\/index.php?rest_route=%2Fwp%2Fv2%2Fcategories&post=53758"},{"taxonomy":"post_tag","embeddable":true,"href":"https:\/\/theworldwidejournal.com\/index.php?rest_route=%2Fwp%2Fv2%2Ftags&post=53758"}],"curies":[{"name":"wp","href":"https:\/\/api.w.org\/{rel}","templated":true}]}}