{"id":53827,"date":"1970-01-01T01:00:00","date_gmt":"1970-01-01T00:00:00","guid":{"rendered":"https:\/\/theworldwidejournal.com\/1970\/01\/01\/instituciones-penitenciarias-tiene-bajo-la-lupa-a-mas-de-300-presos-musulmanes\/"},"modified":"1970-01-01T01:00:00","modified_gmt":"1970-01-01T00:00:00","slug":"instituciones-penitenciarias-tiene-bajo-la-lupa-a-mas-de-300-presos-musulmanes","status":"publish","type":"post","link":"https:\/\/theworldwidejournal.com\/?p=53827","title":{"rendered":"Instituciones Penitenciarias tiene bajo la lupa a m\u00e1s de 300 presos musulmanes"},"content":{"rendered":"<p>Las c\u00e1rceles son, en este momento, objetivo prioritario en la lucha contra el terrorismo yihadista, ya que se trata de uno de los principales focos de radicalizaci\u00f3n de musulmanes. El diagn\u00f3stico no es nuevo. No mucho despu\u00e9s de la matanza del 11-M en Madrid, en 2004, la Comisar\u00eda General de Informaci\u00f3n de la Polic\u00eda lanzaba la operaci\u00f3n Nova contra una c\u00e9lula que quer\u00eda volar la Audiencia Nacional con un cami\u00f3n cargado con explosivos. El grupo criminal estaba dirigido desde prisi\u00f3n por Mohamed Achraf. Mercedes Gallizo, entonces directora general de Prisiones, advirti\u00f3 de que Instituciones Penitenciarias ten\u00eda que jugar un papel clave en el combate contra este fen\u00f3meno porque muchos individuos se radicalizaban detr\u00e1s de los muros de las c\u00e1rceles. Es m\u00e1s; convenci\u00f3 a los responsables del Ministerio del Interior de que su participaci\u00f3n en las reuniones en las que se decid\u00edan las estrategias contra este nuevo tipo de terrorismo era clave si de verdad se quer\u00eda ser eficaz. \u00abSe pusieron en marcha grupos de control, y seguridad un poco a imagen de lo que se hac\u00eda en Estados Unidos\u00bb, explican las fuentes de Prisiones consultadas por ABC. \u00abSe trataba de tener una vigilancia m\u00e1s intensa sobre aquellos internos que ten\u00edan unos perfiles m\u00e1s problem\u00e1ticos\u00bb, a\u00f1aden, un poco a imagen y semejanza de lo que suced\u00eda con los presos incluidos en el Fichero de Internos de Especial Seguimiento (FIES). Esa primera iniciativa, con el paso de los a\u00f1os, ha dado lugar a un plan concreto y mucho m\u00e1s elaborado de prevenci\u00f3n de la radicalizaci\u00f3n de reclusos, que incluye la creaci\u00f3n de una \u00abunidad de Inteligencia\u00bb dependiente de Prisiones, en la que se analizan, filtran y elaboran las informaciones que proceden de todos los centros penitenciarios de Espa\u00f1a. Se trata de una estrategia que est\u00e1 a la vanguardia de los pa\u00edses de nuestro entorno y que a d\u00eda de hoy pone bajo la lupa las actividades, comunicaciones y comportamientos de m\u00e1s de 300 presos musulmanes con indicadores de riesgo. No es, sin embargo, un plan dirigido exclusivamente a la prevenci\u00f3n de la radicalizaci\u00f3n, sino que adem\u00e1s prev\u00e9 pautas de intervenci\u00f3n sobre los internos que ya est\u00e1n en esa fase. El objetivo es el de desechar cualquier comportamiento violento, no el de cambiar convicci\u00f3n religiosa alguna. \u00abCada centro penitenciario -explican las fuentes consultadas- tiene un grupo de personas formadas en la materia que recoge la informaci\u00f3n que sale de los m\u00f3dulos y que tras un primer filtro es enviada a los servicios centrales, una vez contrastada. En \u00e9stos hay otro equipo de expertos que es el que la analiza y, dependiendo de su importancia, la transmite a una unidad de coordinaci\u00f3n y seguridad. Es ah\u00ed donde se decide si es necesario trasladar los datos a las Fuerzas de Seguridad para que comiencen sus investigaciones\u00bb. \u00abDividimos a los internos susceptibles de estar en este programa en tres grupos. En el primero est\u00e1n encuadrados aquellos que tienen delitos de sangre o que han hecho un trabajo de proselitismo de las actividades terroristas o las han financiado. En estos momentos, se tratar\u00eda de un grupo de 120 individuos\u00bb. \u00abAgentes radicalizadores\u00bb En el segundo escal\u00f3n est\u00e1n encuadrados los \u00abagentes radicalizadores\u00bb; es decir, aquellos que aprovechan las especiales circunstancias de una prisi\u00f3n \u2013lugar cerrado, en el que es f\u00e1cil buscar grupos afines para protegerse y donde hay mucho margen para la manipulaci\u00f3n\u2013, para arrastrar al interno hacia posiciones extremistas. Por supuesto se trata de individuos carism\u00e1ticos, con personalidad marcada y dotes de liderazgo. Hay unos 40 individuos. En el tercer escal\u00f3n se situar\u00edan los delincuentes comunes, muchas veces con delitos de poca entidad pero que entran en contacto con los anteriores y acaban radicaliz\u00e1ndose. Dentro de este perfil se encuadrar\u00edan unas 150 personas. \u00abEn general los tres grupos son bastante estanco, aunque es verdad que los del tercero, en funci\u00f3n de c\u00f3mo haya sido su proceso de radicalizaci\u00f3n, pueden dar el salto a agente radicalizador. Eso s\u00ed, la condici\u00f3n indispensable para ello es que tenga una personalidad capaz de arrastrar a terceros a sus planteamientos\u00bb.<br \/>\nVia: <a href=\"https:\/\/www.abc.es\/espana\/abci-instituciones-penitenciarias-tiene-bajo-lupa-mas-300-presos-musulmanes-201808121944_noticia.html\" target=\"_blank\">Instituciones Penitenciarias tiene bajo la lupa a m\u00e1s de 300 presos musulmanes<\/a><\/p>\n","protected":false},"excerpt":{"rendered":"<p>Las c\u00e1rceles son, en este momento, objetivo prioritario en la lucha contra el terrorismo yihadista, ya que se trata de uno de los principales focos de radicalizaci\u00f3n de musulmanes. El diagn\u00f3stico no es nuevo. No mucho despu\u00e9s de la matanza del 11-M en Madrid, en 2004, la Comisar\u00eda General de [&hellip;]<\/p>\n","protected":false},"author":2,"featured_media":53828,"comment_status":"open","ping_status":"closed","sticky":false,"template":"","format":"standard","meta":{"footnotes":""},"categories":[6],"tags":[],"class_list":["post-53827","post","type-post","status-publish","format-standard","has-post-thumbnail","hentry","category-spanish"],"_links":{"self":[{"href":"https:\/\/theworldwidejournal.com\/index.php?rest_route=\/wp\/v2\/posts\/53827","targetHints":{"allow":["GET"]}}],"collection":[{"href":"https:\/\/theworldwidejournal.com\/index.php?rest_route=\/wp\/v2\/posts"}],"about":[{"href":"https:\/\/theworldwidejournal.com\/index.php?rest_route=\/wp\/v2\/types\/post"}],"author":[{"embeddable":true,"href":"https:\/\/theworldwidejournal.com\/index.php?rest_route=\/wp\/v2\/users\/2"}],"replies":[{"embeddable":true,"href":"https:\/\/theworldwidejournal.com\/index.php?rest_route=%2Fwp%2Fv2%2Fcomments&post=53827"}],"version-history":[{"count":0,"href":"https:\/\/theworldwidejournal.com\/index.php?rest_route=\/wp\/v2\/posts\/53827\/revisions"}],"wp:featuredmedia":[{"embeddable":true,"href":"https:\/\/theworldwidejournal.com\/index.php?rest_route=\/wp\/v2\/media\/53828"}],"wp:attachment":[{"href":"https:\/\/theworldwidejournal.com\/index.php?rest_route=%2Fwp%2Fv2%2Fmedia&parent=53827"}],"wp:term":[{"taxonomy":"category","embeddable":true,"href":"https:\/\/theworldwidejournal.com\/index.php?rest_route=%2Fwp%2Fv2%2Fcategories&post=53827"},{"taxonomy":"post_tag","embeddable":true,"href":"https:\/\/theworldwidejournal.com\/index.php?rest_route=%2Fwp%2Fv2%2Ftags&post=53827"}],"curies":[{"name":"wp","href":"https:\/\/api.w.org\/{rel}","templated":true}]}}