{"id":53833,"date":"1970-01-01T01:00:00","date_gmt":"1970-01-01T00:00:00","guid":{"rendered":"https:\/\/theworldwidejournal.com\/1970\/01\/01\/zoido-fue-bochornoso-hacer-del-homenaje-a-las-victimas-una-exaltacion-del-independentismo\/"},"modified":"1970-01-01T01:00:00","modified_gmt":"1970-01-01T00:00:00","slug":"zoido-fue-bochornoso-hacer-del-homenaje-a-las-victimas-una-exaltacion-del-independentismo","status":"publish","type":"post","link":"https:\/\/theworldwidejournal.com\/?p=53833","title":{"rendered":"Zoido: \u00abFue bochornoso hacer del homenaje a las v\u00edctimas una exaltaci\u00f3n del independentismo\u00bb"},"content":{"rendered":"<p>Juan Ignacio Zoido no olvida que ha sido ministro del Interior y mantiene una impecable posici\u00f3n institucional sobre la matanza yihadista en Barcelona y Cambrils, que vivi\u00f3 en primera persona. Eso s\u00ed, responde a todo, salvo a una pregunta: \u00bfCu\u00e1l fue el trato que recibi\u00f3 Mariano Rajoy como presidente del Gobierno? Quiz\u00e1 alg\u00fan d\u00eda se conozca. \u00bfC\u00f3mo se enter\u00f3 de lo sucedido y cu\u00e1les fueron sus primeras instrucciones? Fui inmediatamente informado por responsables de la Polic\u00eda Nacional y desde ese primer momento las instrucciones fueron claras: plena coordinaci\u00f3n de las Fuerzas y Cuerpos de Seguridad del Estado con los Mossos d\u2019Esquadra. \u00bfQu\u00e9 fue lo que m\u00e1s le impresion\u00f3 al llegar a Catalu\u00f1a? Aquellos d\u00edas fueron muy dif\u00edciles para todos y lo que m\u00e1s recuerdo son los testimonios de las v\u00edctimas, su relato desgarrador y su ejemplo de entereza y valent\u00eda, su papel especialmente protagonista en la lucha contra el terror. A un a\u00f1o vista, \u00bfcree que la coordinaci\u00f3n con los Mossos fue la correcta? \u00bfHubo lealtad por ambas partes? La cooperaci\u00f3n con los Mossos d\u2019Esquadra siempre ha sido extraordinaria y en el caso de los atentados de Catalu\u00f1a no hubo ning\u00fan fallo de coordinaci\u00f3n entre Cuerpos policiales. Aquellos d\u00edas hubo mucha pol\u00e9mica sobre qui\u00e9n deb\u00eda liderar la investigaci\u00f3n, si Mossos o Polic\u00eda y Guardia Civil. \u00bfCree necesaria alguna reforma legal en ese sentido? Qui\u00e9n deb\u00eda liderar las investigaciones fue una decisi\u00f3n que correspond\u00eda tomar, y as\u00ed se tom\u00f3, al \u00f3rgano judicial. E insisto en que, independientemente de eso, la coordinaci\u00f3n entre Cuerpos fue plena. \u00bfC\u00f3mo fueron las relaciones durante esos d\u00edas con el Gobierno de la Generalitat? Se mantuvo en todo momento la correcci\u00f3n precisa para la coordinaci\u00f3n necesaria en esa situaci\u00f3n. El secesionismo comenz\u00f3 a envenenar el ambiente muy poco despu\u00e9s de los atentados, especialmente con la pitada al Rey en la manifestaci\u00f3n. \u00bfC\u00f3mo vivi\u00f3 esa ma\u00f1ana? \u00bfSe sintieron arropados por las autoridades de Catalu\u00f1a? \u00bfEsperaba algo as\u00ed? Lo importante de esa ma\u00f1ana fue el mensaje de unidad, el orgullo por la sociedad catalana, que lanz\u00f3 un mensaje un\u00edvoco: no tenemos miedo. Todo ello a pesar de lo bochornoso de tratar de convertir una concentraci\u00f3n para arropar a las v\u00edctimas en otra oportunidad m\u00e1s para la exaltaci\u00f3n del independentismo. Los independentistas intentaron sacar r\u00e9dito de la situaci\u00f3n. \u00bfSe sinti\u00f3 el Gobierno apoyado por el resto de partidos? Espa\u00f1a es un gran pa\u00eds y en esos momentos prim\u00f3 la unidad frente al terrorismo y en defensa de nuestra libertad y seguridad. Por supuesto tambi\u00e9n por parte de los representantes pol\u00edticos, como PSOE y Ciudadanos, y tal y como se demostr\u00f3 en la reuni\u00f3n del pacto de Estado antiyihadista celebrada en el Ministerio del Interior. Ha sido ministro del Interior hasta hace muy poco tiempo, \u00bfQu\u00e9 lecciones se sacaron para el futuro de estos atentados? Tras la comisi\u00f3n de cualquier atentado se analiza en qu\u00e9 se puede mejorar y por supuesto se revisan las metodolog\u00edas de trabajo. \u00bfQu\u00e9 iniciativas ha dejado en marcha para mejorar la lucha contra el terrorismo yihadista? Tras los informes de los expertos en la lucha antiterrorista posteriores a los atentados, se decidi\u00f3 mantener el nivel de alerta 4, pero reforzado con medidas adicionales. Estas medidas consisten principalmente en el refuerzo de dispositivos de seguridad en lugares de afluencia masiva, la intensificaci\u00f3n de la prevenci\u00f3n en potenciales objetivos de ataques, el refuerzo de los dispositivos frente a atentados y una mayor implicaci\u00f3n de las polic\u00edas locales en la lucha contra el terrorismo.<br \/>\nVia: <a href=\"https:\/\/www.abc.es\/espana\/abci-zoido-bochornoso-hacer-homenaje-victimas-exaltacion-independentismo-201808130151_noticia.html\" target=\"_blank\">Zoido: \u00abFue bochornoso hacer del homenaje a las v\u00edctimas una exaltaci\u00f3n del independentismo\u00bb<\/a><\/p>\n","protected":false},"excerpt":{"rendered":"<p>Juan Ignacio Zoido no olvida que ha sido ministro del Interior y mantiene una impecable posici\u00f3n institucional sobre la matanza yihadista en Barcelona y Cambrils, que vivi\u00f3 en primera persona. Eso s\u00ed, responde a todo, salvo a una pregunta: \u00bfCu\u00e1l fue el trato que recibi\u00f3 Mariano Rajoy como presidente del [&hellip;]<\/p>\n","protected":false},"author":2,"featured_media":53834,"comment_status":"open","ping_status":"closed","sticky":false,"template":"","format":"standard","meta":{"footnotes":""},"categories":[6],"tags":[],"class_list":["post-53833","post","type-post","status-publish","format-standard","has-post-thumbnail","hentry","category-spanish"],"_links":{"self":[{"href":"https:\/\/theworldwidejournal.com\/index.php?rest_route=\/wp\/v2\/posts\/53833","targetHints":{"allow":["GET"]}}],"collection":[{"href":"https:\/\/theworldwidejournal.com\/index.php?rest_route=\/wp\/v2\/posts"}],"about":[{"href":"https:\/\/theworldwidejournal.com\/index.php?rest_route=\/wp\/v2\/types\/post"}],"author":[{"embeddable":true,"href":"https:\/\/theworldwidejournal.com\/index.php?rest_route=\/wp\/v2\/users\/2"}],"replies":[{"embeddable":true,"href":"https:\/\/theworldwidejournal.com\/index.php?rest_route=%2Fwp%2Fv2%2Fcomments&post=53833"}],"version-history":[{"count":0,"href":"https:\/\/theworldwidejournal.com\/index.php?rest_route=\/wp\/v2\/posts\/53833\/revisions"}],"wp:featuredmedia":[{"embeddable":true,"href":"https:\/\/theworldwidejournal.com\/index.php?rest_route=\/wp\/v2\/media\/53834"}],"wp:attachment":[{"href":"https:\/\/theworldwidejournal.com\/index.php?rest_route=%2Fwp%2Fv2%2Fmedia&parent=53833"}],"wp:term":[{"taxonomy":"category","embeddable":true,"href":"https:\/\/theworldwidejournal.com\/index.php?rest_route=%2Fwp%2Fv2%2Fcategories&post=53833"},{"taxonomy":"post_tag","embeddable":true,"href":"https:\/\/theworldwidejournal.com\/index.php?rest_route=%2Fwp%2Fv2%2Ftags&post=53833"}],"curies":[{"name":"wp","href":"https:\/\/api.w.org\/{rel}","templated":true}]}}