{"id":53962,"date":"1970-01-01T01:00:00","date_gmt":"1970-01-01T00:00:00","guid":{"rendered":"https:\/\/theworldwidejournal.com\/1970\/01\/01\/asi-sera-la-desprogramacion-de-patricia-aguilar\/"},"modified":"1970-01-01T01:00:00","modified_gmt":"1970-01-01T00:00:00","slug":"asi-sera-la-desprogramacion-de-patricia-aguilar","status":"publish","type":"post","link":"https:\/\/theworldwidejournal.com\/?p=53962","title":{"rendered":"As\u00ed ser\u00e1 la desprogramaci\u00f3n de Patricia Aguilar"},"content":{"rendered":"<p>Patricia Aguilar, la joven de 19 a\u00f1os captada por una secta en Per\u00fa, ya est\u00e1 en Espa\u00f1a tras ser rescatada a principios del pasado mes de julio despu\u00e9s de meses de cautiverio. El empe\u00f1o de su familia y el apoyo psicol\u00f3gico que recibi\u00f3 en tierras peruanas fue suficiente para convencerla de que la mejor opci\u00f3n para ella y su beb\u00e9 de dos meses \u2014fruto de una relaci\u00f3n con el l\u00edder de la secta, F\u00e9lix Steven\u2014 era volver a Elche (Alicante), la ciudad en la que resid\u00eda hasta el momento en el que huy\u00f3 tras ser manipulada por Steven. \u00c9l fue quien le incit\u00f3 a dejarlo todo, prometi\u00e9ndole \u00absalvarla del fin del mundo\u00bb para cumplir su prop\u00f3sito y convertirla en una esclava sexual. Ahora tiene que continuar en tratamiento psicol\u00f3gico para curar poco a poco las heridas que le han causado el tiempon que ha estado inmersa en la secta. ABC habla con Guillermo Fouce, experto en movimientos sectarios, profesor de la Universidad Complutense de Madrid y presidente de Psicolog\u00eda sin Fronteras, para entender c\u00f3mo ser\u00e1 la recuperaci\u00f3n de esta joven tras todo lo que ha vivido durante los \u00faltimos a\u00f1os. \u00bfC\u00f3mo ser\u00e1 su vida a partir de ahora? \u00abLo mas dif\u00edcil es reconstruir una vida que ya no es tu vida, porque ha estado mucho tiempo sin conectar con la gente. Patricia tiene que volver a poner en pie lo que se ha derrumbado\u00bb. \u00bfQu\u00e9 pautas debe seguir para reincorporarse en la sociedad? \u00abTiene que desprogramarse. Al menos en 3 planos: con su entorno cercano, con los pensamientos que le inculcaron en la secta, pues ahora tiene que abrirse a nuevas informaciones; y lo m\u00e1s complicado, encontrar una nueva identidad y encontrar el sentido a todo lo que ha pasado\u00bb. \u00bfDeber\u00e1 alejarse de la opini\u00f3n p\u00fablica? \u00abS\u00ed, pero no del todo&#8230; tambi\u00e9n puede ser positivo que la conozcan y sepan c\u00f3mo acercarse a ella y qu\u00e9 temas no tocar. Que la sociedad empatice con esta joven le puede favorecer para futuras relaciones\u00bb. \u00bfPodr\u00e1 usar otra vez las tecnolog\u00edas con total normalidad? \u00abPodr\u00e1 volver a usar las tecnolog\u00edas, pero no inmediatamente y nunca sin cierta supervisi\u00f3n. Precisa de acompa\u00f1amiento en todo momento\u00bb. \u00bfQu\u00e9 pautas debe seguir su familia para ayudarla? \u00abLa familia debe protegerla de la exposici\u00f3n de los medios. Tienen que aislarla y evitar que ella sienta que todo gira en torno a su historia. Lo m\u00e1s importante es que le ayuden a encontrar un sentido a todo lo que ha ocurrido\u00bb. \u00bfPuede recaer y querer volver a la secta? \u00abTodas las personas que han sufrido por una situaci\u00f3n as\u00ed, tienen probabilidad de volver a recaer. Por eso lo m\u00e1s importante es que cuente con sus pilares fundamentales para poder seguir adelante. Tambi\u00e9n necesita m\u00e1s vigilancia durante sus primeros meses en Espa\u00f1a\u00bb. \u00bfCu\u00e1nto tiempo necesitar\u00e1 para olvidar lo que ha ocurrido? \u00abNo va a ser f\u00e1cil. Estos procesos son lentos. Hay que contar con todo el tiempo que ha estado viviendo en una burbuja una vida diferente. Ahora tiene que cortar con ella y volverse a encontrar\u00bb. A pesar de ser mayor de edad, \u00bfnecesita una tutela especial? \u00abS\u00ed, s\u00ed que lo necesita. Tienen que estar pendiente de ella, tiene que continuar con el proceso terap\u00e9utico y tiene que recuperar a sus antiguas amistades para que le recuerden el v\u00ednculo que ten\u00edan antes\u00bb. \u00bfEst\u00e1 capacitada para cuidar al beb\u00e9 de dos meses despu\u00e9s de lo que ha pasad \u00abElla no est\u00e1 incapacitada. Aun as\u00ed posiblemente el menor necesite un acompa\u00f1amiento para poder entender por qu\u00e9 lo ha vivido, el va a crecer y tendr\u00e1 que combatir esa situaci\u00f3n. Pero ser\u00e1 el principal apoyo de su madre, a pesar de lo que pueda hacer revivir con su presencia\u00bb. Cuando asuma lo ocurrido, \u00bfcrear\u00e1 un sentimiento de culpa hacia su beb\u00e9? \u00abA\u00fan no es consciente de lo que ha ocurrido. Cuando lo haga puede ser que exista alg\u00fan momento de rechazo, pero ese sentimiento de culpa sobretodo ser\u00e1 hacia ella misma. Necesitar\u00e1 entender por qu\u00e9 ha pasado y el ser humano tiende a pensar que cuando algo malo ocurre la culpa es de \u00e9l, ella pasar\u00e1 por esa misma fase en la que pensar\u00e1 que se merec\u00eda lo que ha vivido\u00bb. Cuidando a su hijo&#8230;\u00bfpueden volver a despertar los sentimientos que ten\u00eda hacia el padre del ni\u00f1o? \u00abAunque no se pueda saber con exactitud, va a ser un momento clave cuando reconozca que la persona que tanto da\u00f1o le ha hecho es el padre de su hijo. Habr\u00e1 culpa, habr\u00e1 rechazo. Hay que acompa\u00f1arla para que no se descoloque y no descarrile\u00bb. \u00bfQu\u00e9 secuelas le van a quedar? \u00abNunca podr\u00e1 olvidarlo del todo. Esta experiencia le ha marcado. A veces nos pasa con el duelo, no es posible borrar lo que ha ocurrido. Todo esto le habr\u00e1 transformado y ahora tiene que ayudarle a comenzar de nuevo\u00bb.<br \/>\nVia: <a href=\"https:\/\/www.abc.es\/sociedad\/abci-sera-desprogramacion-patricia-aguilar-201808132141_noticia.html\" target=\"_blank\">As\u00ed ser\u00e1 la desprogramaci\u00f3n de Patricia Aguilar<\/a><\/p>\n","protected":false},"excerpt":{"rendered":"<p>Patricia Aguilar, la joven de 19 a\u00f1os captada por una secta en Per\u00fa, ya est\u00e1 en Espa\u00f1a tras ser rescatada a principios del pasado mes de julio despu\u00e9s de meses de cautiverio. El empe\u00f1o de su familia y el apoyo psicol\u00f3gico que recibi\u00f3 en tierras peruanas fue suficiente para convencerla [&hellip;]<\/p>\n","protected":false},"author":2,"featured_media":53963,"comment_status":"open","ping_status":"closed","sticky":false,"template":"","format":"standard","meta":{"footnotes":""},"categories":[6],"tags":[],"class_list":["post-53962","post","type-post","status-publish","format-standard","has-post-thumbnail","hentry","category-spanish"],"_links":{"self":[{"href":"https:\/\/theworldwidejournal.com\/index.php?rest_route=\/wp\/v2\/posts\/53962","targetHints":{"allow":["GET"]}}],"collection":[{"href":"https:\/\/theworldwidejournal.com\/index.php?rest_route=\/wp\/v2\/posts"}],"about":[{"href":"https:\/\/theworldwidejournal.com\/index.php?rest_route=\/wp\/v2\/types\/post"}],"author":[{"embeddable":true,"href":"https:\/\/theworldwidejournal.com\/index.php?rest_route=\/wp\/v2\/users\/2"}],"replies":[{"embeddable":true,"href":"https:\/\/theworldwidejournal.com\/index.php?rest_route=%2Fwp%2Fv2%2Fcomments&post=53962"}],"version-history":[{"count":0,"href":"https:\/\/theworldwidejournal.com\/index.php?rest_route=\/wp\/v2\/posts\/53962\/revisions"}],"wp:featuredmedia":[{"embeddable":true,"href":"https:\/\/theworldwidejournal.com\/index.php?rest_route=\/wp\/v2\/media\/53963"}],"wp:attachment":[{"href":"https:\/\/theworldwidejournal.com\/index.php?rest_route=%2Fwp%2Fv2%2Fmedia&parent=53962"}],"wp:term":[{"taxonomy":"category","embeddable":true,"href":"https:\/\/theworldwidejournal.com\/index.php?rest_route=%2Fwp%2Fv2%2Fcategories&post=53962"},{"taxonomy":"post_tag","embeddable":true,"href":"https:\/\/theworldwidejournal.com\/index.php?rest_route=%2Fwp%2Fv2%2Ftags&post=53962"}],"curies":[{"name":"wp","href":"https:\/\/api.w.org\/{rel}","templated":true}]}}