{"id":53968,"date":"1970-01-01T01:00:00","date_gmt":"1970-01-01T00:00:00","guid":{"rendered":"https:\/\/theworldwidejournal.com\/1970\/01\/01\/david-silva-tambien-deja-la-seleccion-espanola\/"},"modified":"1970-01-01T01:00:00","modified_gmt":"1970-01-01T00:00:00","slug":"david-silva-tambien-deja-la-seleccion-espanola","status":"publish","type":"post","link":"https:\/\/theworldwidejournal.com\/?p=53968","title":{"rendered":"David Silva tambi\u00e9n deja la selecci\u00f3n espa\u00f1ola"},"content":{"rendered":"<p>Primero fue Iniesta. Luego Piqu\u00e9. Ahora ha llegado el turno de David Silva. A los 32 a\u00f1os, el grancanario anunci\u00f3 el martes su adi\u00f3s definitivo de la absoluta, casi doce a\u00f1os despu\u00e9s de su debut oficial como internacional. Su paso por el equipo nacional deja tras de s\u00ed una huella imborrable, con la que el futbolista ha formado parte de una serie hist\u00f3rica de \u00e9xitos que arrancaron en los tiempos de Luis Aragon\u00e9s y concluyeron con la dura ca\u00edda en Rusia en el pasado Mundial. Un total de 125 partidos que se pueden resumir con sus indiscutibles n\u00fameros: dos Eurocopas y un Mundial. Una trayectoria que coincide con la mejor Espa\u00f1a de la historia, en la que Silva y la selecci\u00f3n, cogidos de la mano, han tocado el cielo. Y no solo por el juego, tambi\u00e9n ha habido goles. 35 para ser exactos, de entre los cuales uno destaca por encima del resto. La final de Europa en el Ol\u00edmpico de Kiev contra Italia en 2012, en lo que fue el m\u00e1ximo apogeo del combinado nacional. David abri\u00f3 el marcador, y la absoluta se llev\u00f3 el t\u00edtulo por 4-0. Pero no siempre hubo gloria para Espa\u00f1a. Existi\u00f3 una \u00e9poca en la que el destino de nuestro f\u00fatbol no era conocedor del porvenir que se escond\u00eda m\u00e1s all\u00e1 de las fronteras de unos cuartos de final. Unos tiempos en los que no hab\u00eda margen de error para entrenadores y jugadores. Etapas en las que la selecci\u00f3n era capaz de juntar jugadores de talento extraordinario, preparados para asaltar los Mundiales, pero cuya suerte nunca estuvo ligada a este \u00e9xito. Pero all\u00ed no estuvo Silva. Etapa dorada Parte de aquella \u00e9poca s\u00ed vino protagonizada por Luis Aragon\u00e9s. De las dudas y la desconfianza transformadas en desdicha tras el Mundial de 2006, en el que Espa\u00f1a cay\u00f3 en octavos ante la Francia de Zidane, al esplendor por la conquista de la Eurocopa de 2008, con creaci\u00f3n de un estilo futbol\u00edstico que marcar\u00eda el futuro de la selecci\u00f3n espa\u00f1ola. Como pionero de esa filosof\u00eda de juego, el entrenador quiso contar con David Silva, al cual llam\u00f3 a filas por primera vez en 2006 para un amistoso contra Ruman\u00eda, del que Espa\u00f1a sali\u00f3 derrotada. Casillas, Capdevila, Marchena, Cazorla, Senna, Iniesta, Ramos, Torres, y Silva. Tambi\u00e9n Silva. De entre los 125 partidos del canario con Espa\u00f1a, \u00e9l form\u00f3 parte de aquellos que comenzaron a forjar la leyenda de la selecci\u00f3n en 2008. Fue entonces cuando naci\u00f3 el mito de \u00abla Roja\u00bb y su f\u00fatbol. \u00abEl Tiki Taka\u00bb de la mano del hombre que hizo debutar al canario dos a\u00f1os antes. Un comienzo amargo que lejos estuvo de servir como precedente en su carrera. Aunque mucho haya pasado desde entonces, la despedida del jugador del City del equipo nacional ha dejado tiempo para el recuerdo, tanto para las victorias como tambi\u00e9n para el hombre que lo inici\u00f3 en su camino como internacional: \u00abLuis, un maestro al que nunca olvidaremos\u00bb, se\u00f1al\u00f3 en la carta de despedida difundida ayer. De esta forma, la etapa dorada de la selecci\u00f3n de Espa\u00f1a parece llegar a su fin. David se convierte en la tercera v\u00edctima del Mundial de Rusia, junto a Iniesta y Piqu\u00e9. Antes hab\u00edan ca\u00eddo otros. Hablamos de Casillas, Puyol, Fernando Torres, Villa o Xabi Alonso. Del triunfo en la final del Europeo de Espa\u00f1a en 2008 contra Alemania tan solo quedan dos supervivientes, Ramos y Reina. A pesar de su magn\u00edfico palmar\u00e9s, Silva cuenta con un pero en su historial. \u00bfQu\u00e9 pasa con Silva? Fue la duda que tuvieron numerosos aficionados durante el Mundial de 2010. El primer partido de al competici\u00f3n acab\u00f3 en derrota contra Suiza por 1-0. Desde aquel cruce en el que el grancanario fue titular, hasta la final, Del Bosque solo lo volvi\u00f3 a contar con su juego en otro encuentro. Adem\u00e1s, el decepcionante papel de la selecci\u00f3n de Fernando Hierro, en el que Silva fue uno de los m\u00e1s cuestionados durante la estancia en Rusia, ha sido el \u00faltimo y amargo cap\u00edtulo en el expediente del grancanario. Siempre quedar\u00e1 la inc\u00f3gnita de si Luis Enrique hubiera contado con \u00e9l en las pr\u00f3ximas citas. A\u00fan as\u00ed, Silva zanj\u00f3 el debate en su adi\u00f3s final: \u00abMe voy feliz por todo lo conseguido, gracias\u00bb.<br \/>\nVia: <a href=\"https:\/\/www.abc.es\/deportes\/futbol\/abci-david-silva-tambien-deja-seleccion-espanola-201808140054_noticia.html\" target=\"_blank\">David Silva tambi\u00e9n deja la selecci\u00f3n espa\u00f1ola<\/a><\/p>\n","protected":false},"excerpt":{"rendered":"<p>Primero fue Iniesta. Luego Piqu\u00e9. Ahora ha llegado el turno de David Silva. A los 32 a\u00f1os, el grancanario anunci\u00f3 el martes su adi\u00f3s definitivo de la absoluta, casi doce a\u00f1os despu\u00e9s de su debut oficial como internacional. Su paso por el equipo nacional deja tras de s\u00ed una huella [&hellip;]<\/p>\n","protected":false},"author":2,"featured_media":53969,"comment_status":"open","ping_status":"closed","sticky":false,"template":"","format":"standard","meta":{"footnotes":""},"categories":[6],"tags":[],"class_list":["post-53968","post","type-post","status-publish","format-standard","has-post-thumbnail","hentry","category-spanish"],"_links":{"self":[{"href":"https:\/\/theworldwidejournal.com\/index.php?rest_route=\/wp\/v2\/posts\/53968","targetHints":{"allow":["GET"]}}],"collection":[{"href":"https:\/\/theworldwidejournal.com\/index.php?rest_route=\/wp\/v2\/posts"}],"about":[{"href":"https:\/\/theworldwidejournal.com\/index.php?rest_route=\/wp\/v2\/types\/post"}],"author":[{"embeddable":true,"href":"https:\/\/theworldwidejournal.com\/index.php?rest_route=\/wp\/v2\/users\/2"}],"replies":[{"embeddable":true,"href":"https:\/\/theworldwidejournal.com\/index.php?rest_route=%2Fwp%2Fv2%2Fcomments&post=53968"}],"version-history":[{"count":0,"href":"https:\/\/theworldwidejournal.com\/index.php?rest_route=\/wp\/v2\/posts\/53968\/revisions"}],"wp:featuredmedia":[{"embeddable":true,"href":"https:\/\/theworldwidejournal.com\/index.php?rest_route=\/wp\/v2\/media\/53969"}],"wp:attachment":[{"href":"https:\/\/theworldwidejournal.com\/index.php?rest_route=%2Fwp%2Fv2%2Fmedia&parent=53968"}],"wp:term":[{"taxonomy":"category","embeddable":true,"href":"https:\/\/theworldwidejournal.com\/index.php?rest_route=%2Fwp%2Fv2%2Fcategories&post=53968"},{"taxonomy":"post_tag","embeddable":true,"href":"https:\/\/theworldwidejournal.com\/index.php?rest_route=%2Fwp%2Fv2%2Ftags&post=53968"}],"curies":[{"name":"wp","href":"https:\/\/api.w.org\/{rel}","templated":true}]}}