{"id":54037,"date":"1970-01-01T01:00:00","date_gmt":"1970-01-01T00:00:00","guid":{"rendered":"https:\/\/theworldwidejournal.com\/1970\/01\/01\/la-guerra-de-sucesion-inspira-el-discurso-mas-belicista-de-quim-torra\/"},"modified":"1970-01-01T01:00:00","modified_gmt":"1970-01-01T00:00:00","slug":"la-guerra-de-sucesion-inspira-el-discurso-mas-belicista-de-quim-torra","status":"publish","type":"post","link":"https:\/\/theworldwidejournal.com\/?p=54037","title":{"rendered":"La Guerra de Sucesi\u00f3n inspira el discurso m\u00e1s belicista de Quim Torra"},"content":{"rendered":"<p>Buena parte del corpus ideol\u00f3gico del nacionalismo catal\u00e1n justifica sus aspiraciones secesionistas recordando la Guerra de Sucesi\u00f3n Espa\u00f1ola que enfrent\u00f3 en el siglo XVIII a los favorables al candidato Borb\u00f3n contra los defensores de los Habsburgo. Aunque la contienda fue un litigio internacional, la derrota de las tropas catalanas en 1714 ha alimentado el victimismo historicista de generaciones de intelectuales catalanistas. Si bien la \u00abDiada\u00bb del 11 de septiembre -que desde 2012 llena las calles de Barcelona con cientos de miles de independentistas- hace referencia a la ca\u00edda de la ciudad condal en esa contienda, el independentismo hace unos a\u00f1os que ha incorporado en su calendario de celebraciones hist\u00f3ricas otra fecha: la \u00abBatalla de Talamanca\u00bb. Esta conmemoraci\u00f3n fue la excusa perfecta para que ayer el presidente catal\u00e1n, Quim Torra, exhibiera su discurso m\u00e1s b\u00e9lico. \u00abSi no somos libres, no somos nada\u00bb \u00abEn 1714 Barcelona resisti\u00f3 porque ten\u00eda todo un pa\u00eds detr\u00e1s. Si no somos libres, no somos nada\u00bb, resalt\u00f3 Torra en un acto para recordar la \u00faltima batalla que las tropas austracistas ganaron ante sus adversarios en la comarca del Bages (Barcelona). \u00abO libertad o libertad\u00bb, zanj\u00f3 el jefe del Ejecutivo auton\u00f3mico ante un dispar grupo de autoridades conformado, entre otras, por representantes del secretariado de la Assemblea Nacional Catalana (ANC). Puigdemont y la ANC Como no pod\u00eda ser de otra forma, y a pesar de su dif\u00edcil justificaci\u00f3n protocolaria, el expresidente cesado Carles Puigdemont tambi\u00e9n hice presencia -telem\u00e1tica- en el acto pidiendo la libertad del los \u00abpresos pol\u00edticos\u00bb y reivindicado el \u00abesp\u00edritu de Talamanca\u00bb, tal y como recoge la Generalitat en una nota de prensa enviada ayer a los medios. Paralelamente, Torra aprovech\u00f3 el acto para pedir \u00absacrificios\u00bb a los catalanes si su meta es lograr la independencia. \u00abVenimos del refer\u00e9ndum del 1 de octubre y de la declaraci\u00f3n de independencia, para hacer efectiva la rep\u00fablica necesitamos toda la capacidad de sacrificio, toda la disposici\u00f3n hasta las \u00faltimas consecuencias\u00bb, resalt\u00f3 Torra en un discurso melanc\u00f3lico con claras referencias militaristas que realiz\u00f3 rodeado de ciudadanos disfrazados de soldados austracistas y que le sirvi\u00f3 para calentar motores para un oto\u00f1o que se prev\u00e9 intenso en el plano pol\u00edtico y judicial.<br \/>\nVia: <a href=\"https:\/\/www.abc.es\/espana\/catalunya\/politica\/abci-guerra-sucesion-inspira-discurso-mas-belicista-quim-torra-201808141023_noticia.html\" target=\"_blank\">La Guerra de Sucesi\u00f3n inspira el discurso m\u00e1s belicista de Quim Torra<\/a><\/p>\n","protected":false},"excerpt":{"rendered":"<p>Buena parte del corpus ideol\u00f3gico del nacionalismo catal\u00e1n justifica sus aspiraciones secesionistas recordando la Guerra de Sucesi\u00f3n Espa\u00f1ola que enfrent\u00f3 en el siglo XVIII a los favorables al candidato Borb\u00f3n contra los defensores de los Habsburgo. Aunque la contienda fue un litigio internacional, la derrota de las tropas catalanas en [&hellip;]<\/p>\n","protected":false},"author":2,"featured_media":54038,"comment_status":"open","ping_status":"closed","sticky":false,"template":"","format":"standard","meta":{"footnotes":""},"categories":[6],"tags":[],"class_list":["post-54037","post","type-post","status-publish","format-standard","has-post-thumbnail","hentry","category-spanish"],"_links":{"self":[{"href":"https:\/\/theworldwidejournal.com\/index.php?rest_route=\/wp\/v2\/posts\/54037","targetHints":{"allow":["GET"]}}],"collection":[{"href":"https:\/\/theworldwidejournal.com\/index.php?rest_route=\/wp\/v2\/posts"}],"about":[{"href":"https:\/\/theworldwidejournal.com\/index.php?rest_route=\/wp\/v2\/types\/post"}],"author":[{"embeddable":true,"href":"https:\/\/theworldwidejournal.com\/index.php?rest_route=\/wp\/v2\/users\/2"}],"replies":[{"embeddable":true,"href":"https:\/\/theworldwidejournal.com\/index.php?rest_route=%2Fwp%2Fv2%2Fcomments&post=54037"}],"version-history":[{"count":0,"href":"https:\/\/theworldwidejournal.com\/index.php?rest_route=\/wp\/v2\/posts\/54037\/revisions"}],"wp:featuredmedia":[{"embeddable":true,"href":"https:\/\/theworldwidejournal.com\/index.php?rest_route=\/wp\/v2\/media\/54038"}],"wp:attachment":[{"href":"https:\/\/theworldwidejournal.com\/index.php?rest_route=%2Fwp%2Fv2%2Fmedia&parent=54037"}],"wp:term":[{"taxonomy":"category","embeddable":true,"href":"https:\/\/theworldwidejournal.com\/index.php?rest_route=%2Fwp%2Fv2%2Fcategories&post=54037"},{"taxonomy":"post_tag","embeddable":true,"href":"https:\/\/theworldwidejournal.com\/index.php?rest_route=%2Fwp%2Fv2%2Ftags&post=54037"}],"curies":[{"name":"wp","href":"https:\/\/api.w.org\/{rel}","templated":true}]}}