{"id":54067,"date":"2018-08-14T18:53:33","date_gmt":"2018-08-14T16:53:33","guid":{"rendered":"https:\/\/theworldwidejournal.com\/2018\/08\/14\/la-nomination-du-pdg-dair-france-klm-attendue-ce-jeudi\/"},"modified":"2018-08-14T18:53:33","modified_gmt":"2018-08-14T16:53:33","slug":"la-nomination-du-pdg-dair-france-klm-attendue-ce-jeudi","status":"publish","type":"post","link":"https:\/\/theworldwidejournal.com\/?p=54067","title":{"rendered":"La nomination du PDG d&#8217;Air France-KLM attendue ce jeudi"},"content":{"rendered":"<p>Trois mois apr\u00e8s la d\u00e9mission de Jean-Marc Janaillac, le groupe acc\u00e9l\u00e8re. Un conseil d&#8217;administration est programm\u00e9 ce jeudi apr\u00e8s-midi, selon nos informations. Il devrait ent\u00e9riner la nomination Benjamin Smith, actuel num\u00e9ro 2 d&#8217;Air Canada, \u00e0 la t\u00eate du transporteur franco-hollandais.<br \/>\nVia: <a href=\"http:\/\/www.liberation.fr\/france\/2018\/08\/14\/la-nomination-du-pdg-d-air-france-klm-attendue-ce-jeudi_1672625?xtor=rss-450\" target=\"_blank\">La nomination du PDG d&#8217;Air France-KLM attendue ce jeudi<\/a><\/p>\n","protected":false},"excerpt":{"rendered":"<p>Trois mois apr\u00e8s la d\u00e9mission de Jean-Marc Janaillac, le groupe acc\u00e9l\u00e8re. Un conseil d&#8217;administration est programm\u00e9 ce jeudi apr\u00e8s-midi, selon nos informations. Il devrait ent\u00e9riner la nomination Benjamin Smith, actuel num\u00e9ro 2 d&#8217;Air Canada, \u00e0 la t\u00eate du transporteur franco-hollandais. Via: La nomination du PDG d&#8217;Air France-KLM attendue ce jeudi<\/p>\n","protected":false},"author":2,"featured_media":0,"comment_status":"open","ping_status":"closed","sticky":false,"template":"","format":"standard","meta":{"footnotes":""},"categories":[4],"tags":[],"class_list":["post-54067","post","type-post","status-publish","format-standard","hentry","category-french"],"_links":{"self":[{"href":"https:\/\/theworldwidejournal.com\/index.php?rest_route=\/wp\/v2\/posts\/54067","targetHints":{"allow":["GET"]}}],"collection":[{"href":"https:\/\/theworldwidejournal.com\/index.php?rest_route=\/wp\/v2\/posts"}],"about":[{"href":"https:\/\/theworldwidejournal.com\/index.php?rest_route=\/wp\/v2\/types\/post"}],"author":[{"embeddable":true,"href":"https:\/\/theworldwidejournal.com\/index.php?rest_route=\/wp\/v2\/users\/2"}],"replies":[{"embeddable":true,"href":"https:\/\/theworldwidejournal.com\/index.php?rest_route=%2Fwp%2Fv2%2Fcomments&post=54067"}],"version-history":[{"count":0,"href":"https:\/\/theworldwidejournal.com\/index.php?rest_route=\/wp\/v2\/posts\/54067\/revisions"}],"wp:attachment":[{"href":"https:\/\/theworldwidejournal.com\/index.php?rest_route=%2Fwp%2Fv2%2Fmedia&parent=54067"}],"wp:term":[{"taxonomy":"category","embeddable":true,"href":"https:\/\/theworldwidejournal.com\/index.php?rest_route=%2Fwp%2Fv2%2Fcategories&post=54067"},{"taxonomy":"post_tag","embeddable":true,"href":"https:\/\/theworldwidejournal.com\/index.php?rest_route=%2Fwp%2Fv2%2Ftags&post=54067"}],"curies":[{"name":"wp","href":"https:\/\/api.w.org\/{rel}","templated":true}]}}