{"id":54099,"date":"2018-08-14T22:59:07","date_gmt":"2018-08-14T20:59:07","guid":{"rendered":"https:\/\/theworldwidejournal.com\/2018\/08\/14\/fernando-alonso-anuncia-que-deja-la-formula-1\/"},"modified":"2018-08-14T22:59:07","modified_gmt":"2018-08-14T20:59:07","slug":"fernando-alonso-anuncia-que-deja-la-formula-1","status":"publish","type":"post","link":"https:\/\/theworldwidejournal.com\/?p=54099","title":{"rendered":"Fernando Alonso anuncia que deja la F\u00f3rmula 1"},"content":{"rendered":"<p>Fernando Alonso dir\u00e1 adi\u00f3s al Mundial de F\u00f3rmula 1 cuando termine esta temporada. As\u00ed lo anunci\u00f3 el piloto ayer, un 14 de agosto, para sorpresa de la mayor\u00eda de aficionados al automovilismo. Alonso llevaba d\u00edas insinuando a trav\u00e9s de sus redes sociales su intenci\u00f3n de comunicar algo importante, aunque nadie se imaginaba que se tratara de un asunto tan trascendental. La confirmaci\u00f3n lleg\u00f3 a trav\u00e9s de un v\u00eddeo del propio Alonso y tambi\u00e9n de McLaren, el que todav\u00eda es su equipo, que al mismo tiempo emiti\u00f3 un comunicado en el que dejaba claro que el espa\u00f1ol no formar\u00e1 parte de la parrilla de 2019. El asturiano, de todas formas, dej\u00f3 una puerta abierta a un futuro regreso si la escuder\u00eda inglesa pudiese competir por el t\u00edtulo: &#8220;S\u00e9 que volver\u00e1n [McLaren] m\u00e1s fuertes. Quiz\u00e1 entonces sea el momento de volver&#8221;.Seguir leyendo.<br \/>\nVia: <a href=\"https:\/\/elpais.com\/deportes\/2018\/08\/14\/actualidad\/1534258163_738537.html#?ref=rss&#038;format=simple&#038;link=link\" target=\"_blank\">Fernando Alonso anuncia que deja la F\u00f3rmula 1<\/a><\/p>\n","protected":false},"excerpt":{"rendered":"<p>Fernando Alonso dir\u00e1 adi\u00f3s al Mundial de F\u00f3rmula 1 cuando termine esta temporada. As\u00ed lo anunci\u00f3 el piloto ayer, un 14 de agosto, para sorpresa de la mayor\u00eda de aficionados al automovilismo. Alonso llevaba d\u00edas insinuando a trav\u00e9s de sus redes sociales su intenci\u00f3n de comunicar algo importante, aunque nadie [&hellip;]<\/p>\n","protected":false},"author":2,"featured_media":0,"comment_status":"open","ping_status":"closed","sticky":false,"template":"","format":"standard","meta":{"footnotes":""},"categories":[6],"tags":[],"class_list":["post-54099","post","type-post","status-publish","format-standard","hentry","category-spanish"],"_links":{"self":[{"href":"https:\/\/theworldwidejournal.com\/index.php?rest_route=\/wp\/v2\/posts\/54099","targetHints":{"allow":["GET"]}}],"collection":[{"href":"https:\/\/theworldwidejournal.com\/index.php?rest_route=\/wp\/v2\/posts"}],"about":[{"href":"https:\/\/theworldwidejournal.com\/index.php?rest_route=\/wp\/v2\/types\/post"}],"author":[{"embeddable":true,"href":"https:\/\/theworldwidejournal.com\/index.php?rest_route=\/wp\/v2\/users\/2"}],"replies":[{"embeddable":true,"href":"https:\/\/theworldwidejournal.com\/index.php?rest_route=%2Fwp%2Fv2%2Fcomments&post=54099"}],"version-history":[{"count":0,"href":"https:\/\/theworldwidejournal.com\/index.php?rest_route=\/wp\/v2\/posts\/54099\/revisions"}],"wp:attachment":[{"href":"https:\/\/theworldwidejournal.com\/index.php?rest_route=%2Fwp%2Fv2%2Fmedia&parent=54099"}],"wp:term":[{"taxonomy":"category","embeddable":true,"href":"https:\/\/theworldwidejournal.com\/index.php?rest_route=%2Fwp%2Fv2%2Fcategories&post=54099"},{"taxonomy":"post_tag","embeddable":true,"href":"https:\/\/theworldwidejournal.com\/index.php?rest_route=%2Fwp%2Fv2%2Ftags&post=54099"}],"curies":[{"name":"wp","href":"https:\/\/api.w.org\/{rel}","templated":true}]}}