{"id":54176,"date":"1970-01-01T01:00:00","date_gmt":"1970-01-01T00:00:00","guid":{"rendered":"https:\/\/theworldwidejournal.com\/1970\/01\/01\/torra-confirma-que-acompanara-al-rey-don-felipe-en-los-homenajes-a-las-victimas-del-17-a\/"},"modified":"1970-01-01T01:00:00","modified_gmt":"1970-01-01T00:00:00","slug":"torra-confirma-que-acompanara-al-rey-don-felipe-en-los-homenajes-a-las-victimas-del-17-a","status":"publish","type":"post","link":"https:\/\/theworldwidejournal.com\/?p=54176","title":{"rendered":"Torra confirma que acompa\u00f1ar\u00e1 al Rey Don Felipe en los homenajes a las v\u00edctimas del 17-A"},"content":{"rendered":"<p>Despu\u00e9s amagando con desplantes al Rey Don Felipe, el presidente de la Generalitat, Quim Torra, ha confirmado hoy que acompa\u00f1ar\u00e1 al Monarca en los actos de homenaje a las v\u00edctimas del atentado terrorista del 17-A. As\u00ed las cosas, el presidente catal\u00e1n contrarrestar\u00e1 la posici\u00f3n defendida por los m\u00e1ximos dirigentes del independentismo, que apostar\u00e1n por no acudir al acto organizado en el centro de la ciudad condal. Seg\u00fan especifica este mi\u00e9rcoles el Gobierno catal\u00e1n en la agenda del presidente durante el aniversario del ataque yihadista en Barcelona y Cambrils (Tarragona), Torra empezar\u00e1 el d\u00eda con una reuni\u00f3n extraordinaria de su gobierno antes del acto institucional. Un gesto para ponerse el primero en una jornada que captar\u00e1 una enorme atenci\u00f3n medi\u00e1tica tanto nacional como internacional. Los Reyes, con el cardenal-arzobispo de Barcelona tras los atentados &#8211; EFE La agenda, al minuto As\u00ed las cosas, a las 8.45 mantendr\u00e1 un encuentro a puerta cerrada con sus consejeros y a continuaci\u00f3n, a las 9.00 horas, leer\u00e1 una declaraci\u00f3n sobre los atentados que en agosto de 2017 acabaron con la vida de 16 personas y provocaron m\u00e1s de un centenar de heridos. Acto seguido, Torra har\u00e1 una ofrenda floral en el mosaico de Joan Mir\u00f3 de la Rambla, acompa\u00f1ado de gran parte de sus consejeros y altos cargos del gobierno auton\u00f3mico. All\u00ed podr\u00eda encontrarse con los Reyes por primera vez desde la apertura de los Juegos del Mediterr\u00e1neo de Tarragona. Despu\u00e9s, a las 10.30, participar\u00e1 junto al resto de autoridades -tambi\u00e9n los representantes de la Casa Real- en el acto institucional en recuerdo de las v\u00edctimas de los atentados que ha organizado el Ayuntamiento de Barcelona, el cual consistir\u00e1 en una interpretaci\u00f3n musical a cargo de las cinco Escuelas Municipales de M\u00fasica de Barcelona y del Conservatorio Municipal. Tras la m\u00fasica, se leer\u00e1 un texto en los siete idiomas de las v\u00edctimas mortales (catal\u00e1n, castellano, ingl\u00e9s, franc\u00e9s, portugu\u00e9s, Italia y alem\u00e1n), informa la agencia Servimedia. Sin olvidar el \u00abproc\u00e9s\u00bb A pesar de participar en los actos oficiales y de car\u00e1cter neutral organizados por el consistorio de Ada Colau para conmemorar los atentados, Torra tambi\u00e9n dejar\u00e1 espacio en su agenda para el activismo pol\u00edtico que acompa\u00f1a cualquiera de sus actuaciones como \u00abpresident\u00bb. De esta forma, y ya por la tarde, Torra acompa\u00f1ar\u00e1 a una amplia representaci\u00f3n de miembros de la Generalitat y de entidades independentistas en la visita a la c\u00e1rcel de Lledoners para manifestar su respaldo a los pol\u00edticos que est\u00e1n presos por los delitos presuntamente cometidos durante el desaf\u00edo separatista del pasado oto\u00f1o, incluido el refer\u00e9ndum ilegal del 1 de octubre. Sin embargo, el exconsejero de Interior Quim Forn ya ha dicho que no quiere homenajes a su figura en ese d\u00eda.<br \/>\nVia: <a href=\"https:\/\/www.abc.es\/espana\/catalunya\/politica\/abci-torra-recula-y-acompanara-felipe-homenajes-victimas-17-a-201808151243_noticia.html\" target=\"_blank\">Torra confirma que acompa\u00f1ar\u00e1 al Rey Don Felipe en los homenajes a las v\u00edctimas del 17-A<\/a><\/p>\n","protected":false},"excerpt":{"rendered":"<p>Despu\u00e9s amagando con desplantes al Rey Don Felipe, el presidente de la Generalitat, Quim Torra, ha confirmado hoy que acompa\u00f1ar\u00e1 al Monarca en los actos de homenaje a las v\u00edctimas del atentado terrorista del 17-A. As\u00ed las cosas, el presidente catal\u00e1n contrarrestar\u00e1 la posici\u00f3n defendida por los m\u00e1ximos dirigentes del [&hellip;]<\/p>\n","protected":false},"author":2,"featured_media":54177,"comment_status":"open","ping_status":"closed","sticky":false,"template":"","format":"standard","meta":{"footnotes":""},"categories":[6],"tags":[],"class_list":["post-54176","post","type-post","status-publish","format-standard","has-post-thumbnail","hentry","category-spanish"],"_links":{"self":[{"href":"https:\/\/theworldwidejournal.com\/index.php?rest_route=\/wp\/v2\/posts\/54176","targetHints":{"allow":["GET"]}}],"collection":[{"href":"https:\/\/theworldwidejournal.com\/index.php?rest_route=\/wp\/v2\/posts"}],"about":[{"href":"https:\/\/theworldwidejournal.com\/index.php?rest_route=\/wp\/v2\/types\/post"}],"author":[{"embeddable":true,"href":"https:\/\/theworldwidejournal.com\/index.php?rest_route=\/wp\/v2\/users\/2"}],"replies":[{"embeddable":true,"href":"https:\/\/theworldwidejournal.com\/index.php?rest_route=%2Fwp%2Fv2%2Fcomments&post=54176"}],"version-history":[{"count":0,"href":"https:\/\/theworldwidejournal.com\/index.php?rest_route=\/wp\/v2\/posts\/54176\/revisions"}],"wp:featuredmedia":[{"embeddable":true,"href":"https:\/\/theworldwidejournal.com\/index.php?rest_route=\/wp\/v2\/media\/54177"}],"wp:attachment":[{"href":"https:\/\/theworldwidejournal.com\/index.php?rest_route=%2Fwp%2Fv2%2Fmedia&parent=54176"}],"wp:term":[{"taxonomy":"category","embeddable":true,"href":"https:\/\/theworldwidejournal.com\/index.php?rest_route=%2Fwp%2Fv2%2Fcategories&post=54176"},{"taxonomy":"post_tag","embeddable":true,"href":"https:\/\/theworldwidejournal.com\/index.php?rest_route=%2Fwp%2Fv2%2Ftags&post=54176"}],"curies":[{"name":"wp","href":"https:\/\/api.w.org\/{rel}","templated":true}]}}