{"id":54242,"date":"1970-01-01T01:00:00","date_gmt":"1970-01-01T00:00:00","guid":{"rendered":"https:\/\/theworldwidejournal.com\/1970\/01\/01\/marruecos-urge-al-gobierno-espanol-a-tutelar-todas-las-mezquitas\/"},"modified":"1970-01-01T01:00:00","modified_gmt":"1970-01-01T00:00:00","slug":"marruecos-urge-al-gobierno-espanol-a-tutelar-todas-las-mezquitas","status":"publish","type":"post","link":"https:\/\/theworldwidejournal.com\/?p=54242","title":{"rendered":"Marruecos urge al Gobierno espa\u00f1ol a \u00abtutelar\u00bb todas las mezquitas"},"content":{"rendered":"<p>Abdelhak Jiam, director del Bur\u00f3 Central de Investigaciones Judiciales (BCIJ), responsable de la lucha contra el terrorismo en Marruecos, pidi\u00f3 ayer a Espa\u00f1a que los lugares de culto en nuestro pa\u00eds est\u00e9n \u00abbajo tutela de una instituci\u00f3n gubernamental\u00bb, informa Efe. Jiam, que concedi\u00f3 una entrevista a la agencia con motivo del primer aniversario de los atentados yihadistas de Catalu\u00f1a, considera que Espa\u00f1a \u00abtiene una importante comunidad de musulmanes, entre conversos y llegados de otros pa\u00edses\u00bb, que deben estar encuadrados en comunidades religiosas p\u00fablicas y supervisadas por el Gobierno. En el caso de la c\u00e9lula de Ripoll nadie repar\u00f3 en los mensajes radicales que lanzaba Abdelbaki Es Satty desde su p\u00falpito de la mezquita nueva de la localidad. Es m\u00e1s; aprovechaba su condici\u00f3n para abordar a j\u00f3venes a la salida de la mezquita, si bien luego se reun\u00eda con alguno de los miembros de la c\u00e9lula de esa poblaci\u00f3n en un parque y en una furgoneta. Es Satty fue el dinamizador del grupo -todos ellos eran marroqu\u00edes o proced\u00edan de ese pa\u00eds- y quien dio el barniz ideol\u00f3gico radical a sus miembros, hasta convencerles de que deb\u00edan perpetrar un atentado de envergadura. \u00abHemos puesto en marcha una nueva estrategia para hacer un seguimiento de los marroqu\u00edes que est\u00e1n en el extranjero, y de hecho hemos llamado a nuestros hom\u00f3logos occidentales para que compartan con nosotros los datos que tienen\u00bb, se\u00f1ala en este sentido el director del BCIJ. La misi\u00f3n se antoja complicada, al menos en el caso de Espa\u00f1a, donde pese a la voluminosa comunidad musulmana no se conoce el n\u00famero exacto de imanes que gu\u00edan la oraci\u00f3n en las m\u00e1s de 1.300 mezquitas conocidas desplegadas por todo el territorio nacional. \u00c9stas act\u00faan como punto de encuentro para los miembros de las 1.562 comunidades isl\u00e1micas regladas tras su inscripci\u00f3n en el Registro de Entidades Religiosas (RER) del Ministerio de Justicia. As\u00ed lo reconocen desde la Comisi\u00f3n Isl\u00e1mica de Espa\u00f1a (CIE), organismo que representa a todas las comunidades religiosas de este tipo en nuestro pa\u00eds, y que actualmente est\u00e1 inmerso en la elaboraci\u00f3n de dicho censo de imanes. Requisitos religiosos La elecci\u00f3n del im\u00e1n de cada mezquita responde a un proceso en el que toman parte el Ministerio de Justicia y la Comisi\u00f3n Isl\u00e1mica, que se inicia cuando una comunidad de fieles alcanza la estabilidad y entidad suficientes -unas 40 o 50 familias involucradas- como para organizarse en torno a una mezquita. Al abrir el lugar de culto, la comunidad aborda los tr\u00e1mites para adquirir personalidad jur\u00eddica, lo que implica su inscripci\u00f3n en el RER. Adem\u00e1s solicita al Ministerio de Justicia la dotaci\u00f3n de un im\u00e1n, que la propia comunidad propone, para encabezar la oraci\u00f3n en el templo. En este punto, el Ministerio pide a la Comisi\u00f3n Isl\u00e1mica la conformidad con el l\u00edder religioso escogido, que se otorga o no -como detallan desde la propia Comisi\u00f3n- \u00fanicamente en virtud de que \u00e9ste acredite una s\u00f3lida formaci\u00f3n y conocimientos en el Islam tradicional. Si hubiera alg\u00fan problema de otro tipo con el individuo propuesto, ahondan desde la Comisi\u00f3n, se solucionar\u00eda en el Consulado espa\u00f1ol del pa\u00eds de origen del religioso antes de que viajara a Espa\u00f1a. Al margen de esta normativa est\u00e1n las comunidades que no figuran en el RER. Las fuentes consultadas de la Comisi\u00f3n Isl\u00e1mica admiten que existen, aunque matizan que son una minor\u00eda, que est\u00e1n compuestas por pocos miembros y que no gozan de gran estabilidad ni de recursos suficientes como para abrir una mezquita y mantener a un im\u00e1n de forma permanente. \u00abSurgen por ignorancia de sus miembros, que se constituyen como asociaci\u00f3n cultural en lugar de como una comunidad religiosa\u00bb, precisan desde la entidad isl\u00e1mica, donde tambi\u00e9n indican que en estas peque\u00f1as comunidades -m\u00e1s dif\u00edciles de controlar ya que no pasan por el filtro del Ministerio de Justicia- puede ejercer como im\u00e1n \u00abcualquiera que sepa leer el Cor\u00e1n\u00bb. No obstante, la Comisi\u00f3n asegura tener delegados repartidos por todo el territorio nacional para evitar problemas con las comunidades clandestinas. Para Abdelhak Jiam es necesario que los servicios de seguridad espa\u00f1oles censen a todos los marroqu\u00edes que hay en nuestro pa\u00eds para poder comunicar cualquier dato sospechoso que se obtenga. La cooperaci\u00f3n entre los servicios de inteligencia espa\u00f1oles y marroqu\u00edes es, en su opini\u00f3n, \u00abexcelente\u00bb, incluso en la actualidad mejor que con Francia. De hecho, ya ha habido operaciones en las que se han formado equipos conjuntos de investigaci\u00f3n que han actuado de forma simult\u00e1nea en las dos naciones. El monitoreo de la \u00abdi\u00e1spora\u00bb marroqu\u00ed en Europa podr\u00eda aportar pistas sobre la \u00abX\u00bb de los atentados; es decir, sobre la persona que, seg\u00fan los investigadores de los atentados del pasado 17 de agosto activ\u00f3 la c\u00e9lula de Ripoll para que atentara. Las fuentes consultadas por ABC creen que es un individuo que se mueve por el centro de Europa, entre Francia y B\u00e9lgica m\u00e1s concretamente, ya que son los dos pa\u00edses visitados por el \u00abn\u00facleo duro\u00bb del grupo terrorista en fechas significativas de la preparaci\u00f3n del atentado. No obstante, se desconoce su identidad. La muerte de todos los terroristas, de forma especial los que ten\u00edan un papel m\u00e1s relevante en la c\u00e9lula -adem\u00e1s de Es Satty, Mohamed Hychamy, Youssef Aalla y Younes Abouyaaqoub-, hace muy complicada esta l\u00ednea de investigaci\u00f3n, ya que con ellos se perdi\u00f3 la posibilidad de acceder a datos claves. Los investigadores, por ello, no son optimistas en relaci\u00f3n con este asunto.<br \/>\nVia: <a href=\"https:\/\/www.abc.es\/espana\/abci-marruecos-urge-gobierno-espanol-tutelar-todas-mezquitas-201808152312_noticia.html\" target=\"_blank\">Marruecos urge al Gobierno espa\u00f1ol a \u00abtutelar\u00bb todas las mezquitas<\/a><\/p>\n","protected":false},"excerpt":{"rendered":"<p>Abdelhak Jiam, director del Bur\u00f3 Central de Investigaciones Judiciales (BCIJ), responsable de la lucha contra el terrorismo en Marruecos, pidi\u00f3 ayer a Espa\u00f1a que los lugares de culto en nuestro pa\u00eds est\u00e9n \u00abbajo tutela de una instituci\u00f3n gubernamental\u00bb, informa Efe. Jiam, que concedi\u00f3 una entrevista a la agencia con motivo [&hellip;]<\/p>\n","protected":false},"author":2,"featured_media":54243,"comment_status":"open","ping_status":"closed","sticky":false,"template":"","format":"standard","meta":{"footnotes":""},"categories":[6],"tags":[],"class_list":["post-54242","post","type-post","status-publish","format-standard","has-post-thumbnail","hentry","category-spanish"],"_links":{"self":[{"href":"https:\/\/theworldwidejournal.com\/index.php?rest_route=\/wp\/v2\/posts\/54242","targetHints":{"allow":["GET"]}}],"collection":[{"href":"https:\/\/theworldwidejournal.com\/index.php?rest_route=\/wp\/v2\/posts"}],"about":[{"href":"https:\/\/theworldwidejournal.com\/index.php?rest_route=\/wp\/v2\/types\/post"}],"author":[{"embeddable":true,"href":"https:\/\/theworldwidejournal.com\/index.php?rest_route=\/wp\/v2\/users\/2"}],"replies":[{"embeddable":true,"href":"https:\/\/theworldwidejournal.com\/index.php?rest_route=%2Fwp%2Fv2%2Fcomments&post=54242"}],"version-history":[{"count":0,"href":"https:\/\/theworldwidejournal.com\/index.php?rest_route=\/wp\/v2\/posts\/54242\/revisions"}],"wp:featuredmedia":[{"embeddable":true,"href":"https:\/\/theworldwidejournal.com\/index.php?rest_route=\/wp\/v2\/media\/54243"}],"wp:attachment":[{"href":"https:\/\/theworldwidejournal.com\/index.php?rest_route=%2Fwp%2Fv2%2Fmedia&parent=54242"}],"wp:term":[{"taxonomy":"category","embeddable":true,"href":"https:\/\/theworldwidejournal.com\/index.php?rest_route=%2Fwp%2Fv2%2Fcategories&post=54242"},{"taxonomy":"post_tag","embeddable":true,"href":"https:\/\/theworldwidejournal.com\/index.php?rest_route=%2Fwp%2Fv2%2Ftags&post=54242"}],"curies":[{"name":"wp","href":"https:\/\/api.w.org\/{rel}","templated":true}]}}