{"id":54246,"date":"1970-01-01T01:00:00","date_gmt":"1970-01-01T00:00:00","guid":{"rendered":"https:\/\/theworldwidejournal.com\/1970\/01\/01\/unidos-contra-el-terror\/"},"modified":"1970-01-01T01:00:00","modified_gmt":"1970-01-01T00:00:00","slug":"unidos-contra-el-terror","status":"publish","type":"post","link":"https:\/\/theworldwidejournal.com\/?p=54246","title":{"rendered":"Unidos contra el terror"},"content":{"rendered":"<p>En estos d\u00edas en los que encaramos el luctuoso aniversario de los atentados yihadistas de Barcelona y Cambrils, donde 16 personas murieron de forma b\u00e1rbara y m\u00e1s de un centenar fueron heridas, el principal compromiso de este Gobierno es con las v\u00edctimas y sus familiares. Desde mi posici\u00f3n de m\u00e1ximo responsable del Ministerio del Interior, puedo asegurar que nuestra prioridad es que esas personas sientan el respaldo de la sociedad. Cuando fueron atacadas fue realmente el conjunto de la sociedad espa\u00f1ola y su proyecto de convivencia pac\u00edfica el que result\u00f3 agredido. Por ello, la atenci\u00f3n a quienes tanto han sufrido en nuestro nombre es obligaci\u00f3n de todos nosotros, y estamos llev\u00e1ndola a cabo gracias a un sistema de apoyo a las v\u00edctimas del terrorismo que es un referente mundial. Los atentados de hace un a\u00f1o ten\u00edan el prop\u00f3sito de debilitarnos. La c\u00e9lula del Daesh que los ejecut\u00f3 se dirigi\u00f3 contra familias que paseaban por Barcelona en un d\u00eda de verano, contra turistas que visitaban nuestro pa\u00eds. Con su ataque, en el que resultaron heridas personas de m\u00e1s de 30 nacionalidades, quer\u00edan enviar un mensaje de terror al mundo. Sin embargo, fracasaron, porque su irracional ataque nos ha hecho m\u00e1s fuertes como sociedad. La imagen que Barcelona devolvi\u00f3 aquellos d\u00edas no fue la de una ciudad asustada, dispuesta a renunciar a su car\u00e1cter pac\u00edfico, abierto y cosmopolita. Lo que el mundo encontr\u00f3 fue una ciudad solidaria, volcada en el apoyo a quienes sufr\u00edan, mientras se mostraba orgullosa de su diversidad y su fuerza. Al igual que Cambrils. De aquella desgracia hemos obtenido ense\u00f1anzas importantes. La colaboraci\u00f3n de las fuerzas y cuerpos de seguridad ha ayudado a mejorar los cauces de detecci\u00f3n de la amenaza terrorista. La c\u00e9lula yihadista responsable del ataque fue desmontada, y desde entonces se han sucedido casi 80 detenciones relacionadas con este terrorismo. Ahora estamos m\u00e1s preparados para detectar y perseguir a los enemigos de las sociedades libres. La leal colaboraci\u00f3n que tantos frutos dio durante esos d\u00edas sigue siendo una de las labores fundamentales de este Ministerio. Desde Interior continuaremos activando los mecanismos necesarios para asegurar la m\u00e1s eficaz coordinaci\u00f3n entre todos los cuerpos policiales de nuestro pa\u00eds. Nuestra colaboraci\u00f3n con los servicios policiales y de inteligencia de otros pa\u00edses tambi\u00e9n es cada d\u00eda m\u00e1s fluida, como requiere la lucha contra una amenaza global de la naturaleza del yihadismo, que tiene redes financieras y log\u00edsticas en decenas de pa\u00edses de varios continentes. A esa red internacional Espa\u00f1a tambi\u00e9n le aporta la eficacia de sus servicios de informaci\u00f3n, con una trayectoria exitosa en la lucha contra ETA. Precisamente como consecuencia de aquellos a\u00f1os terribles de dura lucha contra la sinraz\u00f3n etarra, a la que nuestra sociedad ha vencido con la disoluci\u00f3n definitiva de la banda, contamos con muchos otros avances que nos hacen encarar con optimismo la lucha actual contra el yihadismo. Contamos con unas Fuerzas y Cuerpos de Seguridad del Estado perfectamente entrenadas, con el imprescindible consenso pol\u00edtico, con un cuerpo legislativo f\u00e9rreo y con una Fiscal\u00eda y unos tribunales especializados. Gracias a todos estos elementos de seguridad podemos decir que Espa\u00f1a es un pa\u00eds en el que se vive con precauci\u00f3n pero sin miedo. Como consecuencia del chantaje global de los yihadistas, seguimos en el nivel 4 reforzado de amenaza establecido en 2015, con refuerzos puntuales en puntos tur\u00edsticos y de grandes concentraciones ciudadanas. Eso no significa que debamos dar credibilidad a los bulos y noticias alarmistas que pretenden crear una impresi\u00f3n injustificada de peligro. Por eso pedimos a los ciudadanos calma y cooperaci\u00f3n, no difundiendo ni dando credibilidad a informaciones sobre seguridad que no sean las oficiales. La respuesta de este Gobierno al terror es firme. El gran objetivo de los terroristas es dividir a la sociedad. Crear diferencias y odios donde antes hab\u00eda ciudadanos. Para ello buscan objetivos vulnerables: j\u00f3venes a los que convencen con falsas promesas sobre un futuro m\u00e1s pleno que el que pueden encontrar en su d\u00eda a d\u00eda. Nuestro objetivo como sociedad es demostrarles a esos j\u00f3venes que no existe mejor proyecto que el basado en los valores de respeto y convivencia compartidos por todos los espa\u00f1oles y europeos, sea cual sea su lugar de procedencia. Un pilar de la lucha antiterrorista, junto a la excelente actuaci\u00f3n de las Fuerzas y Cuerpos de Seguridad, la colaboraci\u00f3n ciudadana y la lealtad institucional, debe ser el trabajo para frenar la radicalizaci\u00f3n. Detener a quienes intentan inocular el odio e intervenir para que ese odio no se propague es contribuir a la seguridad de todas las personas. Gracias a la combinaci\u00f3n de prevenci\u00f3n, firmeza y solidaridad lograremos vencer a quienes intentan atemorizarnos. Y, por encima de todos estos valores, hay uno que los sintetiza todos: la uni\u00f3n. Una sociedad y un pa\u00eds unidos en su diversidad son el mejor ant\u00eddoto contra el terror.<br \/>\nVia: <a href=\"https:\/\/www.abc.es\/espana\/abci-unidos-contra-terror-201808160254_noticia.html\" target=\"_blank\">Unidos contra el terror<\/a><\/p>\n","protected":false},"excerpt":{"rendered":"<p>En estos d\u00edas en los que encaramos el luctuoso aniversario de los atentados yihadistas de Barcelona y Cambrils, donde 16 personas murieron de forma b\u00e1rbara y m\u00e1s de un centenar fueron heridas, el principal compromiso de este Gobierno es con las v\u00edctimas y sus familiares. Desde mi posici\u00f3n de m\u00e1ximo [&hellip;]<\/p>\n","protected":false},"author":2,"featured_media":54247,"comment_status":"open","ping_status":"closed","sticky":false,"template":"","format":"standard","meta":{"footnotes":""},"categories":[6],"tags":[],"class_list":["post-54246","post","type-post","status-publish","format-standard","has-post-thumbnail","hentry","category-spanish"],"_links":{"self":[{"href":"https:\/\/theworldwidejournal.com\/index.php?rest_route=\/wp\/v2\/posts\/54246","targetHints":{"allow":["GET"]}}],"collection":[{"href":"https:\/\/theworldwidejournal.com\/index.php?rest_route=\/wp\/v2\/posts"}],"about":[{"href":"https:\/\/theworldwidejournal.com\/index.php?rest_route=\/wp\/v2\/types\/post"}],"author":[{"embeddable":true,"href":"https:\/\/theworldwidejournal.com\/index.php?rest_route=\/wp\/v2\/users\/2"}],"replies":[{"embeddable":true,"href":"https:\/\/theworldwidejournal.com\/index.php?rest_route=%2Fwp%2Fv2%2Fcomments&post=54246"}],"version-history":[{"count":0,"href":"https:\/\/theworldwidejournal.com\/index.php?rest_route=\/wp\/v2\/posts\/54246\/revisions"}],"wp:featuredmedia":[{"embeddable":true,"href":"https:\/\/theworldwidejournal.com\/index.php?rest_route=\/wp\/v2\/media\/54247"}],"wp:attachment":[{"href":"https:\/\/theworldwidejournal.com\/index.php?rest_route=%2Fwp%2Fv2%2Fmedia&parent=54246"}],"wp:term":[{"taxonomy":"category","embeddable":true,"href":"https:\/\/theworldwidejournal.com\/index.php?rest_route=%2Fwp%2Fv2%2Fcategories&post=54246"},{"taxonomy":"post_tag","embeddable":true,"href":"https:\/\/theworldwidejournal.com\/index.php?rest_route=%2Fwp%2Fv2%2Ftags&post=54246"}],"curies":[{"name":"wp","href":"https:\/\/api.w.org\/{rel}","templated":true}]}}