{"id":54312,"date":"2018-08-16T15:04:33","date_gmt":"2018-08-16T13:04:33","guid":{"rendered":"https:\/\/theworldwidejournal.com\/2018\/08\/16\/tres-cantos-cuestiona-que-carmena-pueda-usar-el-palacete-como-refugio-de-migrantes\/"},"modified":"2018-08-16T15:04:33","modified_gmt":"2018-08-16T13:04:33","slug":"tres-cantos-cuestiona-que-carmena-pueda-usar-el-palacete-como-refugio-de-migrantes","status":"publish","type":"post","link":"https:\/\/theworldwidejournal.com\/?p=54312","title":{"rendered":"Tres Cantos cuestiona que Carmena pueda usar el palacete como refugio de migrantes"},"content":{"rendered":"<p>El Ayuntamiento de Tres Cantos, gobernado por el Partido Popular, ha cuestionado la legalidad del uso como refugio temporal de migrantes que el Ayuntamiento de Madrid pretende dar a un palacete de su propiedad en el municipio pr\u00f3ximo a la capital. Javier Ju\u00e1rez, primer teniente de alcalde de Tres Cantos, ha explicado a EL PA\u00cdS que la residencia Palacio Vald\u00e9s no cumple las caracter\u00edsticas urban\u00edsticas para ello, ya que el espacio en cuesti\u00f3n tiene registrado un uso educativo. Para cambiarlo por otro residencial hay que modificar el Plan General de Ordenaci\u00f3n Urban\u00edstica (PGOU), de 2003, lo que supone unos tr\u00e1mites administrativos que pueden demorarse durante dos a\u00f1os. El Consistorio de la capital defiende que se trata de un uso temporal ante una situaci\u00f3n de emergencia.Seguir leyendo.<br \/>\nVia: <a href=\"https:\/\/elpais.com\/ccaa\/2018\/08\/16\/madrid\/1534422346_560978.html#?ref=rss&#038;format=simple&#038;link=link\" target=\"_blank\">Tres Cantos cuestiona que Carmena pueda usar el palacete como refugio de migrantes<\/a><\/p>\n","protected":false},"excerpt":{"rendered":"<p>El Ayuntamiento de Tres Cantos, gobernado por el Partido Popular, ha cuestionado la legalidad del uso como refugio temporal de migrantes que el Ayuntamiento de Madrid pretende dar a un palacete de su propiedad en el municipio pr\u00f3ximo a la capital. Javier Ju\u00e1rez, primer teniente de alcalde de Tres Cantos, [&hellip;]<\/p>\n","protected":false},"author":2,"featured_media":0,"comment_status":"open","ping_status":"closed","sticky":false,"template":"","format":"standard","meta":{"footnotes":""},"categories":[6],"tags":[],"class_list":["post-54312","post","type-post","status-publish","format-standard","hentry","category-spanish"],"_links":{"self":[{"href":"https:\/\/theworldwidejournal.com\/index.php?rest_route=\/wp\/v2\/posts\/54312","targetHints":{"allow":["GET"]}}],"collection":[{"href":"https:\/\/theworldwidejournal.com\/index.php?rest_route=\/wp\/v2\/posts"}],"about":[{"href":"https:\/\/theworldwidejournal.com\/index.php?rest_route=\/wp\/v2\/types\/post"}],"author":[{"embeddable":true,"href":"https:\/\/theworldwidejournal.com\/index.php?rest_route=\/wp\/v2\/users\/2"}],"replies":[{"embeddable":true,"href":"https:\/\/theworldwidejournal.com\/index.php?rest_route=%2Fwp%2Fv2%2Fcomments&post=54312"}],"version-history":[{"count":0,"href":"https:\/\/theworldwidejournal.com\/index.php?rest_route=\/wp\/v2\/posts\/54312\/revisions"}],"wp:attachment":[{"href":"https:\/\/theworldwidejournal.com\/index.php?rest_route=%2Fwp%2Fv2%2Fmedia&parent=54312"}],"wp:term":[{"taxonomy":"category","embeddable":true,"href":"https:\/\/theworldwidejournal.com\/index.php?rest_route=%2Fwp%2Fv2%2Fcategories&post=54312"},{"taxonomy":"post_tag","embeddable":true,"href":"https:\/\/theworldwidejournal.com\/index.php?rest_route=%2Fwp%2Fv2%2Ftags&post=54312"}],"curies":[{"name":"wp","href":"https:\/\/api.w.org\/{rel}","templated":true}]}}