{"id":54313,"date":"2018-08-16T14:51:39","date_gmt":"2018-08-16T12:51:39","guid":{"rendered":"https:\/\/theworldwidejournal.com\/2018\/08\/16\/carlos-sainz-ficha-por-mclaren-como-relevo-de-fernando-alonso\/"},"modified":"2018-08-16T14:51:39","modified_gmt":"2018-08-16T12:51:39","slug":"carlos-sainz-ficha-por-mclaren-como-relevo-de-fernando-alonso","status":"publish","type":"post","link":"https:\/\/theworldwidejournal.com\/?p=54313","title":{"rendered":"Carlos Sainz ficha por McLaren como relevo de Fernando Alonso"},"content":{"rendered":"<p>El adi\u00f3s de Fernando Alonso a la F\u00f3rmula har\u00e1 posible que otro espa\u00f1ol que ten\u00eda un pie y medio fuera de la parrilla del a\u00f1o que viene disponga de otra oportunidad para exhibir su talento. Carlos Sainz tomar\u00e1 el relevo del asturiano en McLaren a partir de 2019 despu\u00e9s de que Alonso le dejara hueco este martes con el anuncio en el que hizo p\u00fablico su adi\u00f3s al certamen una vez termine esta temporada. La escuder\u00eda de brit\u00e1nica mand\u00f3 un comunicado este jueves a primera hora de la tarde en el que confirm\u00f3 que el madrile\u00f1o, de 23 a\u00f1os, tomar\u00e1 parte en el que ser\u00e1 su quinto Mundial con uno de los monoplazas del equipo de Woking (Gran Breta\u00f1a). Aunque la nota no especifica la duraci\u00f3n del contrato al referirse solo a un acuerdo \u201cmultianual\u201d, se entiende que el v\u00ednculo ser\u00e1 por un m\u00ednimo de dos a\u00f1os.Seguir leyendo.<br \/>\nVia: <a href=\"https:\/\/elpais.com\/deportes\/2018\/08\/16\/actualidad\/1534410953_102898.html#?ref=rss&#038;format=simple&#038;link=link\" target=\"_blank\">Carlos Sainz ficha por McLaren como relevo de Fernando Alonso<\/a><\/p>\n","protected":false},"excerpt":{"rendered":"<p>El adi\u00f3s de Fernando Alonso a la F\u00f3rmula har\u00e1 posible que otro espa\u00f1ol que ten\u00eda un pie y medio fuera de la parrilla del a\u00f1o que viene disponga de otra oportunidad para exhibir su talento. Carlos Sainz tomar\u00e1 el relevo del asturiano en McLaren a partir de 2019 despu\u00e9s de [&hellip;]<\/p>\n","protected":false},"author":2,"featured_media":0,"comment_status":"open","ping_status":"closed","sticky":false,"template":"","format":"standard","meta":{"footnotes":""},"categories":[6],"tags":[],"class_list":["post-54313","post","type-post","status-publish","format-standard","hentry","category-spanish"],"_links":{"self":[{"href":"https:\/\/theworldwidejournal.com\/index.php?rest_route=\/wp\/v2\/posts\/54313","targetHints":{"allow":["GET"]}}],"collection":[{"href":"https:\/\/theworldwidejournal.com\/index.php?rest_route=\/wp\/v2\/posts"}],"about":[{"href":"https:\/\/theworldwidejournal.com\/index.php?rest_route=\/wp\/v2\/types\/post"}],"author":[{"embeddable":true,"href":"https:\/\/theworldwidejournal.com\/index.php?rest_route=\/wp\/v2\/users\/2"}],"replies":[{"embeddable":true,"href":"https:\/\/theworldwidejournal.com\/index.php?rest_route=%2Fwp%2Fv2%2Fcomments&post=54313"}],"version-history":[{"count":0,"href":"https:\/\/theworldwidejournal.com\/index.php?rest_route=\/wp\/v2\/posts\/54313\/revisions"}],"wp:attachment":[{"href":"https:\/\/theworldwidejournal.com\/index.php?rest_route=%2Fwp%2Fv2%2Fmedia&parent=54313"}],"wp:term":[{"taxonomy":"category","embeddable":true,"href":"https:\/\/theworldwidejournal.com\/index.php?rest_route=%2Fwp%2Fv2%2Fcategories&post=54313"},{"taxonomy":"post_tag","embeddable":true,"href":"https:\/\/theworldwidejournal.com\/index.php?rest_route=%2Fwp%2Fv2%2Ftags&post=54313"}],"curies":[{"name":"wp","href":"https:\/\/api.w.org\/{rel}","templated":true}]}}