{"id":54314,"date":"2018-08-16T14:45:23","date_gmt":"2018-08-16T12:45:23","guid":{"rendered":"https:\/\/theworldwidejournal.com\/2018\/08\/16\/la-izquierda-espanola-sale-en-defensa-de-la-presencia-del-rey-en-el-homenaje-a-las-victimas-en-barcelona\/"},"modified":"2018-08-16T14:45:23","modified_gmt":"2018-08-16T12:45:23","slug":"la-izquierda-espanola-sale-en-defensa-de-la-presencia-del-rey-en-el-homenaje-a-las-victimas-en-barcelona","status":"publish","type":"post","link":"https:\/\/theworldwidejournal.com\/?p=54314","title":{"rendered":"La izquierda espa\u00f1ola sale en defensa de la presencia del Rey en el homenaje a las v\u00edctimas en Barcelona"},"content":{"rendered":"<p>\u00bfQu\u00e9 lleva a un republicano a salir en defensa del Rey? Gaspar Llamazares, portavoz de Izquierda Unida en el Principado de Asturias, contesta: &#8220;Soy republicano convencido, pero no de ocasi\u00f3n ni solo instrumental ni local, ni tan siquiera de mi casa. Por eso acato la Constituci\u00f3n y respeto a las instituciones, y tambi\u00e9n por eso pretendo obtener la mayor\u00eda necesaria para reformarla. El Rey tiene la misma legitimidad que el presidente de la Generalitat para estar en el acto de conmemoraci\u00f3n de las v\u00edctimas de los atentados de Barcelona&#8221;. El dirigente de IU ha cre\u00eddo necesario alzar la voz, junto a otros y desde su republicanismo, en respaldo de que Felipe VI participe ma\u00f1ana en el homenaje a los fallecidos y heridos en el acto terrorista de hace un a\u00f1o en Catalu\u00f1a, despu\u00e9s de que sectores del independentismo hayan anunciado protestas por la presencia del monarca. Los partidos de la izquierda espa\u00f1ola, algunos cr\u00edticos con el papel del Rey, defienden a cambio que no se le boicotee en Barcelona.Seguir leyendo.<br \/>\nVia: <a href=\"https:\/\/elpais.com\/politica\/2018\/08\/16\/actualidad\/1534419432_158552.html#?ref=rss&#038;format=simple&#038;link=link\" target=\"_blank\">La izquierda espa\u00f1ola sale en defensa de la presencia del Rey en el homenaje a las v\u00edctimas en Barcelona<\/a><\/p>\n","protected":false},"excerpt":{"rendered":"<p>\u00bfQu\u00e9 lleva a un republicano a salir en defensa del Rey? Gaspar Llamazares, portavoz de Izquierda Unida en el Principado de Asturias, contesta: &#8220;Soy republicano convencido, pero no de ocasi\u00f3n ni solo instrumental ni local, ni tan siquiera de mi casa. Por eso acato la Constituci\u00f3n y respeto a las [&hellip;]<\/p>\n","protected":false},"author":2,"featured_media":0,"comment_status":"open","ping_status":"closed","sticky":false,"template":"","format":"standard","meta":{"footnotes":""},"categories":[6],"tags":[],"class_list":["post-54314","post","type-post","status-publish","format-standard","hentry","category-spanish"],"_links":{"self":[{"href":"https:\/\/theworldwidejournal.com\/index.php?rest_route=\/wp\/v2\/posts\/54314","targetHints":{"allow":["GET"]}}],"collection":[{"href":"https:\/\/theworldwidejournal.com\/index.php?rest_route=\/wp\/v2\/posts"}],"about":[{"href":"https:\/\/theworldwidejournal.com\/index.php?rest_route=\/wp\/v2\/types\/post"}],"author":[{"embeddable":true,"href":"https:\/\/theworldwidejournal.com\/index.php?rest_route=\/wp\/v2\/users\/2"}],"replies":[{"embeddable":true,"href":"https:\/\/theworldwidejournal.com\/index.php?rest_route=%2Fwp%2Fv2%2Fcomments&post=54314"}],"version-history":[{"count":0,"href":"https:\/\/theworldwidejournal.com\/index.php?rest_route=\/wp\/v2\/posts\/54314\/revisions"}],"wp:attachment":[{"href":"https:\/\/theworldwidejournal.com\/index.php?rest_route=%2Fwp%2Fv2%2Fmedia&parent=54314"}],"wp:term":[{"taxonomy":"category","embeddable":true,"href":"https:\/\/theworldwidejournal.com\/index.php?rest_route=%2Fwp%2Fv2%2Fcategories&post=54314"},{"taxonomy":"post_tag","embeddable":true,"href":"https:\/\/theworldwidejournal.com\/index.php?rest_route=%2Fwp%2Fv2%2Ftags&post=54314"}],"curies":[{"name":"wp","href":"https:\/\/api.w.org\/{rel}","templated":true}]}}