{"id":54315,"date":"2018-08-16T14:40:08","date_gmt":"2018-08-16T12:40:08","guid":{"rendered":"https:\/\/theworldwidejournal.com\/2018\/08\/16\/las-victimas-del-atentado-de-barcelona-piden-a-los-partidos-que-no-politicen-los-homenajes\/"},"modified":"2018-08-16T14:40:08","modified_gmt":"2018-08-16T12:40:08","slug":"las-victimas-del-atentado-de-barcelona-piden-a-los-partidos-que-no-politicen-los-homenajes","status":"publish","type":"post","link":"https:\/\/theworldwidejournal.com\/?p=54315","title":{"rendered":"Las v\u00edctimas del atentado de Barcelona piden a los partidos que no politicen los homenajes"},"content":{"rendered":"<p>Las v\u00edctimas del atentado de Barcelona y Cambrils (Tarragona) del a\u00f1o pasado han exigido a los partidos pol\u00edticos este jueves,\u00a0en v\u00edsperas de los actos conmemorativos de ma\u00f1ana,\u00a0que en los homenajes hagan una &#8220;tregua&#8221; y &#8220;no manipulen ni politicen su dolor, despu\u00e9s de haberlas abandonado&#8221;. \u201cPor favor, que ma\u00f1ana sea un d\u00eda de recuerdo y homenaje para las v\u00edctimas y que la clase pol\u00edtica haga una tregua y no utilice el dolor ajeno para hacer pol\u00edtica\u201d, ha afirmado Roberto Manrique, v\u00edctima del atentado de Hipercor, y portavoz de la reci\u00e9n creada Unidad de Atenci\u00f3n y Valoraci\u00f3n a Afectados por Terrorismo (UAVAT).Seguir leyendo.<br \/>\nVia: <a href=\"https:\/\/elpais.com\/politica\/2018\/08\/16\/actualidad\/1534421283_651082.html#?ref=rss&#038;format=simple&#038;link=link\" target=\"_blank\">Las v\u00edctimas del atentado de Barcelona piden a los partidos que no politicen los homenajes<\/a><\/p>\n","protected":false},"excerpt":{"rendered":"<p>Las v\u00edctimas del atentado de Barcelona y Cambrils (Tarragona) del a\u00f1o pasado han exigido a los partidos pol\u00edticos este jueves,\u00a0en v\u00edsperas de los actos conmemorativos de ma\u00f1ana,\u00a0que en los homenajes hagan una &#8220;tregua&#8221; y &#8220;no manipulen ni politicen su dolor, despu\u00e9s de haberlas abandonado&#8221;. \u201cPor favor, que ma\u00f1ana sea un [&hellip;]<\/p>\n","protected":false},"author":2,"featured_media":0,"comment_status":"open","ping_status":"closed","sticky":false,"template":"","format":"standard","meta":{"footnotes":""},"categories":[6],"tags":[],"class_list":["post-54315","post","type-post","status-publish","format-standard","hentry","category-spanish"],"_links":{"self":[{"href":"https:\/\/theworldwidejournal.com\/index.php?rest_route=\/wp\/v2\/posts\/54315","targetHints":{"allow":["GET"]}}],"collection":[{"href":"https:\/\/theworldwidejournal.com\/index.php?rest_route=\/wp\/v2\/posts"}],"about":[{"href":"https:\/\/theworldwidejournal.com\/index.php?rest_route=\/wp\/v2\/types\/post"}],"author":[{"embeddable":true,"href":"https:\/\/theworldwidejournal.com\/index.php?rest_route=\/wp\/v2\/users\/2"}],"replies":[{"embeddable":true,"href":"https:\/\/theworldwidejournal.com\/index.php?rest_route=%2Fwp%2Fv2%2Fcomments&post=54315"}],"version-history":[{"count":0,"href":"https:\/\/theworldwidejournal.com\/index.php?rest_route=\/wp\/v2\/posts\/54315\/revisions"}],"wp:attachment":[{"href":"https:\/\/theworldwidejournal.com\/index.php?rest_route=%2Fwp%2Fv2%2Fmedia&parent=54315"}],"wp:term":[{"taxonomy":"category","embeddable":true,"href":"https:\/\/theworldwidejournal.com\/index.php?rest_route=%2Fwp%2Fv2%2Fcategories&post=54315"},{"taxonomy":"post_tag","embeddable":true,"href":"https:\/\/theworldwidejournal.com\/index.php?rest_route=%2Fwp%2Fv2%2Ftags&post=54315"}],"curies":[{"name":"wp","href":"https:\/\/api.w.org\/{rel}","templated":true}]}}