{"id":54321,"date":"1970-01-01T01:00:00","date_gmt":"1970-01-01T00:00:00","guid":{"rendered":"https:\/\/theworldwidejournal.com\/1970\/01\/01\/victimas-del-17-a-piden-a-los-politicos-que-no-utilicen-su-dolor-despues-de-haberlas-abandonado\/"},"modified":"1970-01-01T01:00:00","modified_gmt":"1970-01-01T00:00:00","slug":"victimas-del-17-a-piden-a-los-politicos-que-no-utilicen-su-dolor-despues-de-haberlas-abandonado","status":"publish","type":"post","link":"https:\/\/theworldwidejournal.com\/?p=54321","title":{"rendered":"V\u00edctimas del 17-A piden a los pol\u00edticos que no utilicen su dolor despu\u00e9s de haberlas \u00ababandonado\u00bb"},"content":{"rendered":"<p>Varias v\u00edctimas de los atentados yihadistas del pasado 17 de agosto han exigido hoy a los pol\u00edticos que en los actos de homenaje programados para ma\u00f1ana hagan una \u00abtregua\u00bb y no \u00abmanipulen\u00bb ni \u00abpoliticen\u00bb su dolor, despu\u00e9s de haberlas \u00ababandonado\u00bb tras los atentados del pasado a\u00f1o en Barcelona y Cambrils (Tarragona). En una rueda de prensa en Barcelona, las v\u00edctimas agrupadas al entorno de la Unidad de Atenci\u00f3n y Valoraci\u00f3n a Afectados por el Terrorismo (UAVAT), que ha atendido a 182 afectados del 17-A, han denunciado que durante todo este tiempo se han sentido \u00abenga\u00f1adas, abandonadas, incomprendidos y tristes\u00bb, como ha descrito Ana Cort\u00e9s, una de las supervivientes de las Ramblas. En nombre de las v\u00edctimas, el coordinador de la UAVAT, Roberto Manrique, ha exigido que los actos institucionales de ma\u00f1ana sean un homenaje a las v\u00edctimas y que la clase pol\u00edtica \u00abhaga una tregua\u00bb. \u00abPedimos a la clase pol\u00edtica, en nombre de las v\u00edctimas, que ma\u00f1ana hagan una tregua, que no utilicen el dolor ajeno para hacer pol\u00edtica\u00bb, ha se\u00f1alado.<br \/>\nVia: <a href=\"https:\/\/www.abc.es\/espana\/catalunya\/abci-victimas-17-a-piden-politicos-no-utilicen-dolor-despues-haberlas-abandonado-201808161341_noticia.html\" target=\"_blank\">V\u00edctimas del 17-A piden a los pol\u00edticos que no utilicen su dolor despu\u00e9s de haberlas \u00ababandonado\u00bb<\/a><\/p>\n","protected":false},"excerpt":{"rendered":"<p>Varias v\u00edctimas de los atentados yihadistas del pasado 17 de agosto han exigido hoy a los pol\u00edticos que en los actos de homenaje programados para ma\u00f1ana hagan una \u00abtregua\u00bb y no \u00abmanipulen\u00bb ni \u00abpoliticen\u00bb su dolor, despu\u00e9s de haberlas \u00ababandonado\u00bb tras los atentados del pasado a\u00f1o en Barcelona y Cambrils [&hellip;]<\/p>\n","protected":false},"author":2,"featured_media":54322,"comment_status":"open","ping_status":"closed","sticky":false,"template":"","format":"standard","meta":{"footnotes":""},"categories":[6],"tags":[],"class_list":["post-54321","post","type-post","status-publish","format-standard","has-post-thumbnail","hentry","category-spanish"],"_links":{"self":[{"href":"https:\/\/theworldwidejournal.com\/index.php?rest_route=\/wp\/v2\/posts\/54321","targetHints":{"allow":["GET"]}}],"collection":[{"href":"https:\/\/theworldwidejournal.com\/index.php?rest_route=\/wp\/v2\/posts"}],"about":[{"href":"https:\/\/theworldwidejournal.com\/index.php?rest_route=\/wp\/v2\/types\/post"}],"author":[{"embeddable":true,"href":"https:\/\/theworldwidejournal.com\/index.php?rest_route=\/wp\/v2\/users\/2"}],"replies":[{"embeddable":true,"href":"https:\/\/theworldwidejournal.com\/index.php?rest_route=%2Fwp%2Fv2%2Fcomments&post=54321"}],"version-history":[{"count":0,"href":"https:\/\/theworldwidejournal.com\/index.php?rest_route=\/wp\/v2\/posts\/54321\/revisions"}],"wp:featuredmedia":[{"embeddable":true,"href":"https:\/\/theworldwidejournal.com\/index.php?rest_route=\/wp\/v2\/media\/54322"}],"wp:attachment":[{"href":"https:\/\/theworldwidejournal.com\/index.php?rest_route=%2Fwp%2Fv2%2Fmedia&parent=54321"}],"wp:term":[{"taxonomy":"category","embeddable":true,"href":"https:\/\/theworldwidejournal.com\/index.php?rest_route=%2Fwp%2Fv2%2Fcategories&post=54321"},{"taxonomy":"post_tag","embeddable":true,"href":"https:\/\/theworldwidejournal.com\/index.php?rest_route=%2Fwp%2Fv2%2Ftags&post=54321"}],"curies":[{"name":"wp","href":"https:\/\/api.w.org\/{rel}","templated":true}]}}