{"id":54343,"date":"2018-08-16T23:48:37","date_gmt":"2018-08-16T21:48:37","guid":{"rendered":"https:\/\/theworldwidejournal.com\/2018\/08\/16\/le-canadien-benjamin-smith-nomme-a-la-tete-dair-france-klm\/"},"modified":"2018-08-16T23:48:37","modified_gmt":"2018-08-16T21:48:37","slug":"le-canadien-benjamin-smith-nomme-a-la-tete-dair-france-klm","status":"publish","type":"post","link":"https:\/\/theworldwidejournal.com\/?p=54343","title":{"rendered":"Le Canadien Benjamin Smith nomm\u00e9 \u00e0 la t\u00eate d&#039;Air France-KLM"},"content":{"rendered":"<p>Benjamin Smith prendra ses fonctions le 30 septembre au plus tard. L&#8217;intersyndicale d&#8217;Air France-KLM est vent debout contre la nomination de ce Canadien de 46 ans qu&#8217;elle consid\u00e8re comme un cheval de Troie de Delta Airlines, le leader am\u00e9ricain entr\u00e9 au capital du groupe.<br \/>\nVia: <a href=\"http:\/\/www.lefigaro.fr\/societes\/2018\/08\/16\/20005-20180816ARTFIG00265-l-intersyndicale-s-oppose-a-la-nomination-d-un-etranger-a-la-tete-d-air-france-klm.php\" target=\"_blank\">Le Canadien Benjamin Smith nomm\u00e9 \u00e0 la t\u00eate d&#039;Air France-KLM<\/a><\/p>\n","protected":false},"excerpt":{"rendered":"<p>Benjamin Smith prendra ses fonctions le 30 septembre au plus tard. L&#8217;intersyndicale d&#8217;Air France-KLM est vent debout contre la nomination de ce Canadien de 46 ans qu&#8217;elle consid\u00e8re comme un cheval de Troie de Delta Airlines, le leader am\u00e9ricain entr\u00e9 au capital du groupe. Via: Le Canadien Benjamin Smith nomm\u00e9 [&hellip;]<\/p>\n","protected":false},"author":2,"featured_media":0,"comment_status":"open","ping_status":"closed","sticky":false,"template":"","format":"standard","meta":{"footnotes":""},"categories":[4],"tags":[],"class_list":["post-54343","post","type-post","status-publish","format-standard","hentry","category-french"],"_links":{"self":[{"href":"https:\/\/theworldwidejournal.com\/index.php?rest_route=\/wp\/v2\/posts\/54343","targetHints":{"allow":["GET"]}}],"collection":[{"href":"https:\/\/theworldwidejournal.com\/index.php?rest_route=\/wp\/v2\/posts"}],"about":[{"href":"https:\/\/theworldwidejournal.com\/index.php?rest_route=\/wp\/v2\/types\/post"}],"author":[{"embeddable":true,"href":"https:\/\/theworldwidejournal.com\/index.php?rest_route=\/wp\/v2\/users\/2"}],"replies":[{"embeddable":true,"href":"https:\/\/theworldwidejournal.com\/index.php?rest_route=%2Fwp%2Fv2%2Fcomments&post=54343"}],"version-history":[{"count":0,"href":"https:\/\/theworldwidejournal.com\/index.php?rest_route=\/wp\/v2\/posts\/54343\/revisions"}],"wp:attachment":[{"href":"https:\/\/theworldwidejournal.com\/index.php?rest_route=%2Fwp%2Fv2%2Fmedia&parent=54343"}],"wp:term":[{"taxonomy":"category","embeddable":true,"href":"https:\/\/theworldwidejournal.com\/index.php?rest_route=%2Fwp%2Fv2%2Fcategories&post=54343"},{"taxonomy":"post_tag","embeddable":true,"href":"https:\/\/theworldwidejournal.com\/index.php?rest_route=%2Fwp%2Fv2%2Ftags&post=54343"}],"curies":[{"name":"wp","href":"https:\/\/api.w.org\/{rel}","templated":true}]}}