{"id":54387,"date":"1970-01-01T01:00:00","date_gmt":"1970-01-01T00:00:00","guid":{"rendered":"https:\/\/theworldwidejournal.com\/1970\/01\/01\/los-reyes-llevaran-su-solidaridad-pese-al-acoso-separatista\/"},"modified":"1970-01-01T01:00:00","modified_gmt":"1970-01-01T00:00:00","slug":"los-reyes-llevaran-su-solidaridad-pese-al-acoso-separatista","status":"publish","type":"post","link":"https:\/\/theworldwidejournal.com\/?p=54387","title":{"rendered":"Los Reyes llevar\u00e1n su solidaridad pese al acoso separatista"},"content":{"rendered":"<p>Los Reyes de Espa\u00f1a y Condes de Barcelona vuelven hoy viernes a Catalu\u00f1a, y lo har\u00e1n acompa\u00f1ados por las altas autoridades del Estado con el deseo de poder rendir homenaje a las v\u00edctimas de los atentados ocurridos hace un a\u00f1o en Barcelona y Cambrils y trasladar a sus familias la solidaridad de todos los espa\u00f1oles. Sin embargo, tras la encerrona que Don Felipe sufri\u00f3 en la concentraci\u00f3n de hace un a\u00f1o, cuando los separatistas antepusieron sus reivindicaciones pol\u00edticas al dolor de las v\u00edctimas, y despu\u00e9s del acoso al que han sometido al Rey en sus posteriores visitas a Catalu\u00f1a, la atenci\u00f3n estar\u00e1 puesta en si los sectores soberanistas aprovechar\u00e1n esta nueva oportunidad para mostrar respeto a las v\u00edctimas, o volver\u00e1n a enlodar el acto con sus abucheos y proclamas. La factura pol\u00edtica de lo que ellos hagan -que desvirt\u00faen el homenaje o no- se la pasar\u00e1 la oposici\u00f3n al presidente del Gobierno, Pedro S\u00e1nchez, quien hasta ahora ha evitado condenar el acoso al Rey por parte de sus socios separatistas, aparentemente por temor a que le retiren un apoyo que le es indispensable para mantenerse en La Moncloa. El l\u00edder del PP, Pablo Casado, ya exigi\u00f3 ayer al Gobierno que \u00abno tolere\u00bb ning\u00fan \u00abultraje al Rey\u00bb ni \u00abaprovechamientos partidistas\u00bb. Tras las v\u00edctimas: los Condes de Barcelona y las autoridades del Estado se situar\u00e1n tras las familias y los heridos Lo que todo parece indicar es que S\u00e1nchez ha hecho gestiones discretas con sus socios para evitar que el homenaje de hoy vuelva a convertirse en una encerrona contra el Rey. Por un lado, toda la izquierda espa\u00f1ola -PSOE, Podemos, Comprom\u00eds y dirigentes de Izquierda Unida- sali\u00f3 ayer en defensa de la presencia de Don Felipe y, por otro, los separatistas han rebajado sorprendentemente su tono reivindicativo habitual. Para empezar, el presidente de la Generalitat, Joaquim Torra, ha pasado en pocos d\u00edas de proclamar que Don Felipe \u00abno es el Rey de los catalanes\u00bb a anunciar que hoy le acompa\u00f1ar\u00e1 en el acto convocado por la alcaldesa de Barcelona, Ada Colau, a las diez y media de la ma\u00f1ana en la plaza de Catalu\u00f1a. El Rey y Torra coincidir\u00e1n por primera vez desde la inauguraci\u00f3n de los Juegos del Mediterr\u00e1neo el 22 de junio en Tarragona, donde el presidente auton\u00f3mico anunci\u00f3 su boicot a Don Felipe.<br \/>\nVia: <a href=\"https:\/\/www.abc.es\/espana\/abci-reyes-llevaran-solidaridad-pese-acoso-separatista-201808162053_noticia.html\" target=\"_blank\">Los Reyes llevar\u00e1n su solidaridad pese al acoso separatista<\/a><\/p>\n","protected":false},"excerpt":{"rendered":"<p>Los Reyes de Espa\u00f1a y Condes de Barcelona vuelven hoy viernes a Catalu\u00f1a, y lo har\u00e1n acompa\u00f1ados por las altas autoridades del Estado con el deseo de poder rendir homenaje a las v\u00edctimas de los atentados ocurridos hace un a\u00f1o en Barcelona y Cambrils y trasladar a sus familias la [&hellip;]<\/p>\n","protected":false},"author":2,"featured_media":54388,"comment_status":"open","ping_status":"closed","sticky":false,"template":"","format":"standard","meta":{"footnotes":""},"categories":[6],"tags":[],"class_list":["post-54387","post","type-post","status-publish","format-standard","has-post-thumbnail","hentry","category-spanish"],"_links":{"self":[{"href":"https:\/\/theworldwidejournal.com\/index.php?rest_route=\/wp\/v2\/posts\/54387","targetHints":{"allow":["GET"]}}],"collection":[{"href":"https:\/\/theworldwidejournal.com\/index.php?rest_route=\/wp\/v2\/posts"}],"about":[{"href":"https:\/\/theworldwidejournal.com\/index.php?rest_route=\/wp\/v2\/types\/post"}],"author":[{"embeddable":true,"href":"https:\/\/theworldwidejournal.com\/index.php?rest_route=\/wp\/v2\/users\/2"}],"replies":[{"embeddable":true,"href":"https:\/\/theworldwidejournal.com\/index.php?rest_route=%2Fwp%2Fv2%2Fcomments&post=54387"}],"version-history":[{"count":0,"href":"https:\/\/theworldwidejournal.com\/index.php?rest_route=\/wp\/v2\/posts\/54387\/revisions"}],"wp:featuredmedia":[{"embeddable":true,"href":"https:\/\/theworldwidejournal.com\/index.php?rest_route=\/wp\/v2\/media\/54388"}],"wp:attachment":[{"href":"https:\/\/theworldwidejournal.com\/index.php?rest_route=%2Fwp%2Fv2%2Fmedia&parent=54387"}],"wp:term":[{"taxonomy":"category","embeddable":true,"href":"https:\/\/theworldwidejournal.com\/index.php?rest_route=%2Fwp%2Fv2%2Fcategories&post=54387"},{"taxonomy":"post_tag","embeddable":true,"href":"https:\/\/theworldwidejournal.com\/index.php?rest_route=%2Fwp%2Fv2%2Ftags&post=54387"}],"curies":[{"name":"wp","href":"https:\/\/api.w.org\/{rel}","templated":true}]}}