{"id":54389,"date":"1970-01-01T01:00:00","date_gmt":"1970-01-01T00:00:00","guid":{"rendered":"https:\/\/theworldwidejournal.com\/1970\/01\/01\/da-miedo-salir-en-las-noticias-todos-los-dias\/"},"modified":"1970-01-01T01:00:00","modified_gmt":"1970-01-01T00:00:00","slug":"da-miedo-salir-en-las-noticias-todos-los-dias","status":"publish","type":"post","link":"https:\/\/theworldwidejournal.com\/?p=54389","title":{"rendered":"\u00abDa miedo salir en las noticias todos los d\u00edas\u00bb"},"content":{"rendered":"<p>Son las cuatro de la tarde y decenas de ni\u00f1os se amontonan en el caluroso local del Centro Cultural de Bangladesh en el barrio del Raval de Barcelona. A unos pocos metros, otro espacio de la comunidad musulmana acoge a m\u00e1s hijos de inmigrantes llegados de Bangladesh, Pakist\u00e1n o Marruecos, que gritan sin parar. Al abrirse la puerta de esta peque\u00f1a escuela, en la que las alfombras sustituyen las mesas y las sillas, todos callan de inmediato. Los mayores callan y evitan pronunciarse sobre c\u00f3mo vivi\u00f3 su comunidad los tensos d\u00edas posteriores al atentado yihadista del que hoy se cumple un a\u00f1o, perpetrado a escasos metros de este barrio poblado por una nutrida comunidad \u00e1rabe. No hay que olvidar que en Barcelona residen 328.840 de los m\u00e1s de 500.000 musulmanes que viven actualmente en Catalu\u00f1a, seg\u00fan datos de la Uni\u00f3n de Comunidades Isl\u00e1micas de Espa\u00f1a. Desde ese fat\u00eddico 17-A, la vida transcurre aqu\u00ed bajo una aparente normalidad. Afortunadamente, han sido pocos los casos de violencia racista. El verdadero problema del barrio son los \u00abnarcopisos\u00bb. Sin embargo, hablar con vecinos y comerciantes sobre c\u00f3mo se sintieron tras el ataque sigue siendo hoy tan dif\u00edcil como lo era hace un a\u00f1o. No obstante, alguno s\u00ed est\u00e1 dispuestos a explicar c\u00f3mo se vivi\u00f3 desde dentro de la comunidad uno de los momentos m\u00e1s tristes de la historia reciente de la capital catalana. Nural, un afable banglades\u00ed, pone el semblante serio y abandona su castellano de supervivencia para expresarse en un ingl\u00e9s que le hace sentirse m\u00e1s c\u00f3modo cuando es preguntado por los atentados. \u00abCualquier musulm\u00e1n, hind\u00fa o sij es solo eso, una persona, no representa a nadie\u00bb, afirma antes de reconocer que los d\u00edas posteriores al atentado el ambiente en el barrio era tenso, una sensaci\u00f3n que se concentraba especialmente en las mezquitas y lugares de culto de la zona, que sirven a su vez de lugar de encuentro y debate para los vecinos que acuden varias veces al d\u00eda para los rezos. Silencio en la mezquita \u00abTodos nos sent\u00edamos tristes, derrotados, muy mal. Por suerte, la gente, los locales, siguen siendo amables con nosotros, aunque tambi\u00e9n han habido episodios m\u00e1s dif\u00edciles\u00bb, explica, evitando dar detalles de los casos de acoso o ataques a la comunidad musulmana. \u00abLos d\u00edas despu\u00e9s del ataque se habl\u00f3 poco en la mezquita. No me da miedo que los vecinos del Raval ataquen nuestros negocios y locales, quienes hacen violencia son siempre venidos de fuera movidos por la manipulaci\u00f3n, que es muy peligrosa\u00bb, relata Al\u00ed, un melillense que regenta una tienda de ropa de segunda mano en otra calle de este mismo barrio. \u00abCuando pasa una cosa as\u00ed cualquier \u00e1rabe tiene miedo, incluso si ni siquiera es musulm\u00e1n. Da miedo salir en las noticias todos los d\u00edas y pensar en lo que puede pasar\u00bb, relata. En el Raval, donde se ubican cinco de las 32 mezquitas que hay repartidas por toda la ciudad -en Catalu\u00f1a, el n\u00famero de centros de culto asciende a 311, seg\u00fan datos del Observatorio de Pluralismo Religioso-, el primer aniversario de los atentados de Barcelona y Cambrils coincide con el d\u00eda de oraci\u00f3n. Una conmemoraci\u00f3n para que las mezquitas espa\u00f1olas no han preparado nada especial ya que, como explic\u00f3 ayer el presidente de la Comisi\u00f3n Isl\u00e1mica de Espa\u00f1a, Riay Tatary, \u00abtodos los viernes\u00bb las mezquitas espa\u00f1olas oran por la paz. \u00abLo hacemos de forma contante\u00bb, subray\u00f3 Tatary.<br \/>\nVia: <a href=\"https:\/\/www.abc.es\/espana\/abci-miedo-salir-noticias-todos-dias-201808170213_noticia.html\" target=\"_blank\">\u00abDa miedo salir en las noticias todos los d\u00edas\u00bb<\/a><\/p>\n","protected":false},"excerpt":{"rendered":"<p>Son las cuatro de la tarde y decenas de ni\u00f1os se amontonan en el caluroso local del Centro Cultural de Bangladesh en el barrio del Raval de Barcelona. A unos pocos metros, otro espacio de la comunidad musulmana acoge a m\u00e1s hijos de inmigrantes llegados de Bangladesh, Pakist\u00e1n o Marruecos, [&hellip;]<\/p>\n","protected":false},"author":2,"featured_media":54390,"comment_status":"open","ping_status":"closed","sticky":false,"template":"","format":"standard","meta":{"footnotes":""},"categories":[6],"tags":[],"class_list":["post-54389","post","type-post","status-publish","format-standard","has-post-thumbnail","hentry","category-spanish"],"_links":{"self":[{"href":"https:\/\/theworldwidejournal.com\/index.php?rest_route=\/wp\/v2\/posts\/54389","targetHints":{"allow":["GET"]}}],"collection":[{"href":"https:\/\/theworldwidejournal.com\/index.php?rest_route=\/wp\/v2\/posts"}],"about":[{"href":"https:\/\/theworldwidejournal.com\/index.php?rest_route=\/wp\/v2\/types\/post"}],"author":[{"embeddable":true,"href":"https:\/\/theworldwidejournal.com\/index.php?rest_route=\/wp\/v2\/users\/2"}],"replies":[{"embeddable":true,"href":"https:\/\/theworldwidejournal.com\/index.php?rest_route=%2Fwp%2Fv2%2Fcomments&post=54389"}],"version-history":[{"count":0,"href":"https:\/\/theworldwidejournal.com\/index.php?rest_route=\/wp\/v2\/posts\/54389\/revisions"}],"wp:featuredmedia":[{"embeddable":true,"href":"https:\/\/theworldwidejournal.com\/index.php?rest_route=\/wp\/v2\/media\/54390"}],"wp:attachment":[{"href":"https:\/\/theworldwidejournal.com\/index.php?rest_route=%2Fwp%2Fv2%2Fmedia&parent=54389"}],"wp:term":[{"taxonomy":"category","embeddable":true,"href":"https:\/\/theworldwidejournal.com\/index.php?rest_route=%2Fwp%2Fv2%2Fcategories&post=54389"},{"taxonomy":"post_tag","embeddable":true,"href":"https:\/\/theworldwidejournal.com\/index.php?rest_route=%2Fwp%2Fv2%2Ftags&post=54389"}],"curies":[{"name":"wp","href":"https:\/\/api.w.org\/{rel}","templated":true}]}}