{"id":54454,"date":"2018-08-17T14:53:20","date_gmt":"2018-08-17T12:53:20","guid":{"rendered":"https:\/\/theworldwidejournal.com\/2018\/08\/17\/detenidos-dos-menores-en-san-sebastian-acusados-de-agredir-sexualmente-a-otra-menor\/"},"modified":"2018-08-17T14:53:20","modified_gmt":"2018-08-17T12:53:20","slug":"detenidos-dos-menores-en-san-sebastian-acusados-de-agredir-sexualmente-a-otra-menor","status":"publish","type":"post","link":"https:\/\/theworldwidejournal.com\/?p=54454","title":{"rendered":"Detenidos dos menores en San Sebasti\u00e1n acusados de agredir sexualmente a otra menor"},"content":{"rendered":"<p>Tres j\u00f3venes, dos de ellos menores, han sido detenidos este viernes en San Sebasti\u00e1n\u00a0acusados de agredir sexualmente\u00a0a una menor en la playa de la Zurriola, en la capital donostiarra, que celebra estos d\u00edas su Semana Grande. El \u00fanico mayor de edad, de 20 a\u00f1os, ha sido puesto en libertad poco despu\u00e9s de las 13.30 del mediod\u00eda sin haber pasado por el juzgado. Los otros dos arrestados, dos adolescentes menores, siguen en dependencias de la Guardia Urbana donostiarra. Por el momento no ha trascendido ning\u00fan dato de la v\u00edctima, salvo que se trata de una chica menor de edad, y \u00fanicamente se conoce que la presunta agresi\u00f3n se cometi\u00f3 en la citada playa de la capital guipuzcoana. La Polic\u00eda Municipal donostiarra imputa a los detenidos los delitos de agresi\u00f3n sexual y robo, ya que a uno de ellos se le han incautado pertenencias de la v\u00edctima.Seguir leyendo.<br \/>\nVia: <a href=\"https:\/\/elpais.com\/politica\/2018\/08\/17\/actualidad\/1534506742_581327.html#?ref=rss&#038;format=simple&#038;link=link\" target=\"_blank\">Detenidos dos menores en San Sebasti\u00e1n acusados de agredir sexualmente a otra menor<\/a><\/p>\n","protected":false},"excerpt":{"rendered":"<p>Tres j\u00f3venes, dos de ellos menores, han sido detenidos este viernes en San Sebasti\u00e1n\u00a0acusados de agredir sexualmente\u00a0a una menor en la playa de la Zurriola, en la capital donostiarra, que celebra estos d\u00edas su Semana Grande. El \u00fanico mayor de edad, de 20 a\u00f1os, ha sido puesto en libertad poco [&hellip;]<\/p>\n","protected":false},"author":2,"featured_media":0,"comment_status":"open","ping_status":"closed","sticky":false,"template":"","format":"standard","meta":{"footnotes":""},"categories":[6],"tags":[],"class_list":["post-54454","post","type-post","status-publish","format-standard","hentry","category-spanish"],"_links":{"self":[{"href":"https:\/\/theworldwidejournal.com\/index.php?rest_route=\/wp\/v2\/posts\/54454","targetHints":{"allow":["GET"]}}],"collection":[{"href":"https:\/\/theworldwidejournal.com\/index.php?rest_route=\/wp\/v2\/posts"}],"about":[{"href":"https:\/\/theworldwidejournal.com\/index.php?rest_route=\/wp\/v2\/types\/post"}],"author":[{"embeddable":true,"href":"https:\/\/theworldwidejournal.com\/index.php?rest_route=\/wp\/v2\/users\/2"}],"replies":[{"embeddable":true,"href":"https:\/\/theworldwidejournal.com\/index.php?rest_route=%2Fwp%2Fv2%2Fcomments&post=54454"}],"version-history":[{"count":0,"href":"https:\/\/theworldwidejournal.com\/index.php?rest_route=\/wp\/v2\/posts\/54454\/revisions"}],"wp:attachment":[{"href":"https:\/\/theworldwidejournal.com\/index.php?rest_route=%2Fwp%2Fv2%2Fmedia&parent=54454"}],"wp:term":[{"taxonomy":"category","embeddable":true,"href":"https:\/\/theworldwidejournal.com\/index.php?rest_route=%2Fwp%2Fv2%2Fcategories&post=54454"},{"taxonomy":"post_tag","embeddable":true,"href":"https:\/\/theworldwidejournal.com\/index.php?rest_route=%2Fwp%2Fv2%2Ftags&post=54454"}],"curies":[{"name":"wp","href":"https:\/\/api.w.org\/{rel}","templated":true}]}}