{"id":54457,"date":"1970-01-01T01:00:00","date_gmt":"1970-01-01T00:00:00","guid":{"rendered":"https:\/\/theworldwidejournal.com\/1970\/01\/01\/el-rey-a-las-victimas-del-17-a-estamos-con-vosotros\/"},"modified":"1970-01-01T01:00:00","modified_gmt":"1970-01-01T00:00:00","slug":"el-rey-a-las-victimas-del-17-a-estamos-con-vosotros","status":"publish","type":"post","link":"https:\/\/theworldwidejournal.com\/?p=54457","title":{"rendered":"El Rey, a las v\u00edctimas del 17-A: \u00abEstamos con vosotros\u00bb"},"content":{"rendered":"<p>Los Reyes de Espa\u00f1a y Condes de Barcelona han sido recibidos este viernes con aplausos y vivas al Rey y a Espa\u00f1a en el homenaje a las v\u00edctimas de los atentados perpetrados hace un a\u00f1o en la capital catalana y Cambrils. Tras saludar a las autoridades locales, Don Felipe se ha dirigido a la primera fila, donde estaban los familiares de las v\u00edctimas y los heridos, y llev\u00e1ndose la mano al pecho y bajando ligeramente la cabeza les ha dicho: \u00abEstamos con vosotros\u00bb. En ese momento les acompa\u00f1aba el presidente del Gobierno, Pedro S\u00e1nchez, con quien han viajado desde Madrid. A su llegada a las inmediaciones de la plaza de Catalu\u00f1a, Don Felipe y Do\u00f1a Letizia fueron recibidos a pie de coche por la delegada del Gobierno en esta comunidad aut\u00f3noma, Teresa Cunillera, y dentro ya de la plaza han saludado al presidente de la Generalitat, Joaquim Torra; al presidente del Parlamento catal\u00e1n, Roger Torrent, y a la alcaldesa de Barcelona, Ada Colau, entre otros. Entre el p\u00fablico que ha querido rendir homenaje a las v\u00edctimas de los atentados se pod\u00edan contemplar numerosas banderas de Espa\u00f1a, as\u00ed como sombrillas y sombreros con los colores rojo y amarillo. Adem\u00e1s, se oyeron vivas a la Guardia Civil y a la libertad. El acto, convocado por el Ayuntamiento de Barcelona, estaba organizado de tal manera que el p\u00fablico y la prensa solo pod\u00eda ver a los Reyes y a las dem\u00e1s autoridades de espaldas y desde lejos, de manera que algunos de los asistentes empezaron a corear el nombre de \u00abFelipe\u00bb antes de que el Rey hubiera llegado. Despu\u00e9s, cuando realmente lleg\u00f3 y lo pudieron ver debido a la gran altura del Monarca y a la presencia de algunas pantallas de televisi\u00f3n, el p\u00fablico rompi\u00f3 en un gran aplauso con vivas al Rey. Todo ello en presencia del presidente de la Generalitat, que d\u00edas atr\u00e1s lleg\u00f3 a afirmar que Don Felipe no era el Rey de los catalanes. Tras expresar su breve mensaje de solidaridad a las v\u00edctimas, los Reyes se han dirigido a la zona de las autoridades, situada detr\u00e1s de los familiares y heridos, y han seguido desde all\u00ed una ceremonia marcada por una m\u00fasica muy mel\u00f3dica, tipo \u00abImagine\u00bb, y las intervenciones de la periodista Gemma Nierga. Desde el lugar de la ceremonia, se o\u00eda tambi\u00e9n a lo lejos el himno f\u00fanebre \u00abLa muerte no es el final\u00bb, con el que se rinde homenaje a los que dieron su vida por Espa\u00f1a. En la ceremonia, las primeras filas las han ocupado las v\u00edctimas de los atentados, unas 200. En las dos primeras estaban los familiares de los diecis\u00e9is muertos y y en las dos siguientes, los heridos y sus familias. Despu\u00e9s, cuando la ceremonia termin\u00f3, los Reyes saludaron personalmente a los familiares de los fallecidos en el ataque terrorista y conversaron detenidamente con algunos de ellos. Tambi\u00e9n saludaron a la periodista que condujo la ceremonia. Durante el acto, Don Felipe y Do\u00f1a Letizia estuvieron flanqueados por S\u00e1nchez, al lado del Rey, y por el presidente del Tribunal Constitucional, Juan Jos\u00e9 Gonz\u00e1lez Rivas, al lado de la Reina. Tambi\u00e9n les acompa\u00f1aron los presidentes del Congreso, Senado, Tribunal Supremo y CGPJ, los ministros de Justicia e Interior, el presidente de Arag\u00f3n, los lideres del PP, Pablo Casado, y de Ciudadanos, Albert Rivera, y varios miembros del Gobierno auton\u00f3mico catal\u00e1n, como Pere Aragon\u00e9s, Artadi, Maragall, Miquel Buch, Bargallo y Alba Verg\u00e9s. A la salida, los Reyes fueron despedidos con los mismos vivas al Monarca y a Espa\u00f1a por parte del p\u00fablico que cuando llegaron, y tambi\u00e9n se oyeron gritos de \u00abno tinc por\u00bb (\u00abno tengo miedo\u00bb), a medida de la plaza se fue vaciando. Mientras los Reyes, las altas autoridades del Estado y el p\u00fablico rend\u00eda homenaje a las v\u00edctimas en la plaza de Catalu\u00f1a, en las inmediaciones se concentraban miembros de la ANC, que repart\u00edan panfletos sobre los pol\u00edticos presos, y de los Comit\u00e9s de Defensa de la Rep\u00fablica con pancartas que dec\u00edan \u00abCatalu\u00f1a no tiene Rey\u00bb y \u00abDel pueblo para el pueblo\u00bb. Incluso, colgaron una gran pancarta en uno de los edificios que daba a la plaza en la que se pod\u00eda leer en ingl\u00e9s que el Rey no era bienvenido en \u00ablos pa\u00edses catalanes\u00bb. M\u00e1s numeroso era el grupo que reuni\u00f3 en la Rambla la Uni\u00f3n Mon\u00e1rquica de Espa\u00f1a (UME), cuyos integrantes pasaron despu\u00e9s al acto de homenaje celebrado en la plaza de Catalu\u00f1a. En alg\u00fan momento se juntaron en las inmediaciones separatistas con personas que no lo son y, aunque se vivi\u00f3 alg\u00fan momento de tensi\u00f3n, pronto los Mossos formaron cordones para evitar enfrentamientos. \u00abLos que defiendan una reivindicaci\u00f3n, a un lado; los otros, al otro\u00bb, ordenaba un mosso a los ciudadanos.<br \/>\nVia: <a href=\"https:\/\/www.abc.es\/espana\/casa-real\/abci-victimas-17-a-estamos-vosotros-201808171134_noticia.html\" target=\"_blank\">El Rey, a las v\u00edctimas del 17-A: \u00abEstamos con vosotros\u00bb<\/a><\/p>\n","protected":false},"excerpt":{"rendered":"<p>Los Reyes de Espa\u00f1a y Condes de Barcelona han sido recibidos este viernes con aplausos y vivas al Rey y a Espa\u00f1a en el homenaje a las v\u00edctimas de los atentados perpetrados hace un a\u00f1o en la capital catalana y Cambrils. Tras saludar a las autoridades locales, Don Felipe se [&hellip;]<\/p>\n","protected":false},"author":2,"featured_media":54458,"comment_status":"open","ping_status":"closed","sticky":false,"template":"","format":"standard","meta":{"footnotes":""},"categories":[6],"tags":[],"class_list":["post-54457","post","type-post","status-publish","format-standard","has-post-thumbnail","hentry","category-spanish"],"_links":{"self":[{"href":"https:\/\/theworldwidejournal.com\/index.php?rest_route=\/wp\/v2\/posts\/54457","targetHints":{"allow":["GET"]}}],"collection":[{"href":"https:\/\/theworldwidejournal.com\/index.php?rest_route=\/wp\/v2\/posts"}],"about":[{"href":"https:\/\/theworldwidejournal.com\/index.php?rest_route=\/wp\/v2\/types\/post"}],"author":[{"embeddable":true,"href":"https:\/\/theworldwidejournal.com\/index.php?rest_route=\/wp\/v2\/users\/2"}],"replies":[{"embeddable":true,"href":"https:\/\/theworldwidejournal.com\/index.php?rest_route=%2Fwp%2Fv2%2Fcomments&post=54457"}],"version-history":[{"count":0,"href":"https:\/\/theworldwidejournal.com\/index.php?rest_route=\/wp\/v2\/posts\/54457\/revisions"}],"wp:featuredmedia":[{"embeddable":true,"href":"https:\/\/theworldwidejournal.com\/index.php?rest_route=\/wp\/v2\/media\/54458"}],"wp:attachment":[{"href":"https:\/\/theworldwidejournal.com\/index.php?rest_route=%2Fwp%2Fv2%2Fmedia&parent=54457"}],"wp:term":[{"taxonomy":"category","embeddable":true,"href":"https:\/\/theworldwidejournal.com\/index.php?rest_route=%2Fwp%2Fv2%2Fcategories&post=54457"},{"taxonomy":"post_tag","embeddable":true,"href":"https:\/\/theworldwidejournal.com\/index.php?rest_route=%2Fwp%2Fv2%2Ftags&post=54457"}],"curies":[{"name":"wp","href":"https:\/\/api.w.org\/{rel}","templated":true}]}}