{"id":54459,"date":"1970-01-01T01:00:00","date_gmt":"1970-01-01T00:00:00","guid":{"rendered":"https:\/\/theworldwidejournal.com\/1970\/01\/01\/torra-dice-que-no-queria-estar-al-lado-del-rey-en-el-homenaje-a-las-victimas-del-17-a\/"},"modified":"1970-01-01T01:00:00","modified_gmt":"1970-01-01T00:00:00","slug":"torra-dice-que-no-queria-estar-al-lado-del-rey-en-el-homenaje-a-las-victimas-del-17-a","status":"publish","type":"post","link":"https:\/\/theworldwidejournal.com\/?p=54459","title":{"rendered":"Torra dice que no quer\u00eda estar al lado del Rey en el homenaje a las v\u00edctimas del 17-A"},"content":{"rendered":"<p>Pese a los reiterados llamamientos a no politizar el homenaje a las v\u00edctimas, el presidente de la Generalitat, Quim Torra, ha aprovechado su breve encuentro con el Rey, justo antes del acto institucional en plaza Catalu\u00f1a, para deslizar sus reivindicaciones y dejarse ver en todo momento junto a la mujer del exconsejero de Interior Quim Forn, Laura Masvidal. As\u00ed lo ha explicado el propio Torra en una entrevista en Rac-1 en la que ha revelado que \u00e9l mismo le pidi\u00f3 a Masvidal que le acompa\u00f1ase durante todo el d\u00eda. \u00abMe parec\u00eda una buena manera de honrarle\u00bb, ha dicho. As\u00ed, adem\u00e1s de lucir una chapa con la cara del exconsejero, Torra ha dicho que ha explicado a \u00abcada una de las personalidades\u00bb a las que ha saludado que a su lado estaba la mujer de Forn. \u00abAqu\u00ed est\u00e1 la se\u00f1ora Forn, su marido est\u00e1 es la c\u00e1rcel\u00bb. Seg\u00fan el propio Torra, cuando Felipe VI ha saludado a Masvidal esta le ha habr\u00eda dicho que no era ella la que tendr\u00eda que estar en el acto, sino su marido. Torra tambi\u00e9n ha defendido la pancarta contra el Rey desplegada en plaza Catalu\u00f1a y ha asegurado que no quer\u00eda estar al lado de Felipe VI durante el acto de homenaje a las v\u00edctimas. De hecho, durante la ceremonia Torra y el Rey estaban separados por el presidente del Gobierno, Pedro S\u00e1nchez, y la presidenta del Congreso, Ana Pastor.<br \/>\nVia: <a href=\"https:\/\/www.abc.es\/espana\/catalunya\/politica\/abci-torra-dice-no-queria-estar-lado-homenaje-victimas-17-a-201808171405_noticia.html\" target=\"_blank\">Torra dice que no quer\u00eda estar al lado del Rey en el homenaje a las v\u00edctimas del 17-A<\/a><\/p>\n","protected":false},"excerpt":{"rendered":"<p>Pese a los reiterados llamamientos a no politizar el homenaje a las v\u00edctimas, el presidente de la Generalitat, Quim Torra, ha aprovechado su breve encuentro con el Rey, justo antes del acto institucional en plaza Catalu\u00f1a, para deslizar sus reivindicaciones y dejarse ver en todo momento junto a la mujer [&hellip;]<\/p>\n","protected":false},"author":2,"featured_media":54460,"comment_status":"open","ping_status":"closed","sticky":false,"template":"","format":"standard","meta":{"footnotes":""},"categories":[6],"tags":[],"class_list":["post-54459","post","type-post","status-publish","format-standard","has-post-thumbnail","hentry","category-spanish"],"_links":{"self":[{"href":"https:\/\/theworldwidejournal.com\/index.php?rest_route=\/wp\/v2\/posts\/54459","targetHints":{"allow":["GET"]}}],"collection":[{"href":"https:\/\/theworldwidejournal.com\/index.php?rest_route=\/wp\/v2\/posts"}],"about":[{"href":"https:\/\/theworldwidejournal.com\/index.php?rest_route=\/wp\/v2\/types\/post"}],"author":[{"embeddable":true,"href":"https:\/\/theworldwidejournal.com\/index.php?rest_route=\/wp\/v2\/users\/2"}],"replies":[{"embeddable":true,"href":"https:\/\/theworldwidejournal.com\/index.php?rest_route=%2Fwp%2Fv2%2Fcomments&post=54459"}],"version-history":[{"count":0,"href":"https:\/\/theworldwidejournal.com\/index.php?rest_route=\/wp\/v2\/posts\/54459\/revisions"}],"wp:featuredmedia":[{"embeddable":true,"href":"https:\/\/theworldwidejournal.com\/index.php?rest_route=\/wp\/v2\/media\/54460"}],"wp:attachment":[{"href":"https:\/\/theworldwidejournal.com\/index.php?rest_route=%2Fwp%2Fv2%2Fmedia&parent=54459"}],"wp:term":[{"taxonomy":"category","embeddable":true,"href":"https:\/\/theworldwidejournal.com\/index.php?rest_route=%2Fwp%2Fv2%2Fcategories&post=54459"},{"taxonomy":"post_tag","embeddable":true,"href":"https:\/\/theworldwidejournal.com\/index.php?rest_route=%2Fwp%2Fv2%2Ftags&post=54459"}],"curies":[{"name":"wp","href":"https:\/\/api.w.org\/{rel}","templated":true}]}}