{"id":54461,"date":"1970-01-01T01:00:00","date_gmt":"1970-01-01T00:00:00","guid":{"rendered":"https:\/\/theworldwidejournal.com\/1970\/01\/01\/sanchez-elimina-la-bandera-de-espana-en-su-mensaje-a-las-victimas-del-17-a-en-catalan-y-alega-un-error-tecnico\/"},"modified":"1970-01-01T01:00:00","modified_gmt":"1970-01-01T00:00:00","slug":"sanchez-elimina-la-bandera-de-espana-en-su-mensaje-a-las-victimas-del-17-a-en-catalan-y-alega-un-error-tecnico","status":"publish","type":"post","link":"https:\/\/theworldwidejournal.com\/?p=54461","title":{"rendered":"S\u00e1nchez elimina la bandera de Espa\u00f1a en su mensaje a las v\u00edctimas del 17-A en catal\u00e1n y alega un error t\u00e9cnico"},"content":{"rendered":"<p>A un \u00aberror t\u00e9cnico\u00bb atribuyen fuentes del Gobierno la eliminaci\u00f3n del escudo y la bandera de Espa\u00f1a en el mensaje en catal\u00e1n de Pedro S\u00e1nchez a las v\u00edctimas del 17-A. Con motivo del aniversario de los atentados en Barcelona y Cambrils, el presidente del Gobierno, public\u00f3 a primera hora de la ma\u00f1ana en su cuenta de Twitter dos mensajes de apoyo a las v\u00edctimas, en castellano y en catal\u00e1n. \u00abLa unidad de toda la sociedad espa\u00f1ola nos hace fuertes contra el terror y la barbarie. Este #17A y siempre, estaremos en Barcelona junto a las v\u00edctimas, solidarios con su dolor, unidos en el recuerdo. Firmes ante la sinraz\u00f3n del terrorismo. #BCNciutatdepau, Espa\u00f1a es pa\u00eds de PAZ\u00bb, reza el texto al que acompa\u00f1a una imagen de Las Ramblas, sobre la que se lee \u00abSiempre con las v\u00edctimas\u00bb. La unidad de toda la sociedad espa\u00f1ola nos hace fuertes contra el terror y la barbarie. Este #17A y siempre, estaremos en Barcelona junto a las v\u00edctimas, solidarios con su dolor, unidos en el recuerdo. Firmes ante la sinraz\u00f3n del terrorismo. #BCNciutatdepau, Espa\u00f1a es pa\u00eds de PAZ pic.twitter.com\/tUkltifj7u&mdash; Pedro S\u00e1nchez (@sanchezcastejon) 17 de agosto de 2018 Sobre la fotograf\u00eda, en la parte inferior izquierda, aparece en el mensaje en castellano el escudo y la bandera de Espa\u00f1a que, sin embargo, fueron eliminados posteriormente en la versi\u00f3n en catal\u00e1n del mismo mensaje. La diferencia fue percibida r\u00e1pidamente en la red social y las enervadas cr\u00edticas no se hicieron esperar. Minutos despu\u00e9s, Pedro S\u00e1nchez borr\u00f3 su tuit en catal\u00e1n y volvi\u00f3 a publicarlo, esta vez con la bandera y escudo al igual que en la versi\u00f3n en castellano. La Moncloa ha alegado que no hay ning\u00fan tipo de intencionalidad pol\u00edtica, sino que es solo un error. El error se debe a que sobre el texto del presidente del Gobierno han creado un grafismo que en castellano ha salido completo y en catal\u00e1n no, sin escudo y sin bandera. \u00abYa est\u00e1 cambiado. Ha sido un error de configuraci\u00f3n\u00bb, dicen fuentes del Ejecutivo. Al configurar el tuit en catal\u00e1n no han renderizado los recursos de la bandera y el escudo y por eso ha salido sin ellos. Seg\u00fan La Moncloa, en Instagram y en Facebook se colgaron bien desde el principio.<br \/>\nVia: <a href=\"https:\/\/www.abc.es\/espana\/abci-sanchez-omite-bandera-espana-mensaje-apoyo-victimas-201808171039_noticia.html\" target=\"_blank\">S\u00e1nchez elimina la bandera de Espa\u00f1a en su mensaje a las v\u00edctimas del 17-A en catal\u00e1n y alega un error t\u00e9cnico<\/a><\/p>\n","protected":false},"excerpt":{"rendered":"<p>A un \u00aberror t\u00e9cnico\u00bb atribuyen fuentes del Gobierno la eliminaci\u00f3n del escudo y la bandera de Espa\u00f1a en el mensaje en catal\u00e1n de Pedro S\u00e1nchez a las v\u00edctimas del 17-A. Con motivo del aniversario de los atentados en Barcelona y Cambrils, el presidente del Gobierno, public\u00f3 a primera hora de [&hellip;]<\/p>\n","protected":false},"author":2,"featured_media":54462,"comment_status":"open","ping_status":"closed","sticky":false,"template":"","format":"standard","meta":{"footnotes":""},"categories":[6],"tags":[],"class_list":["post-54461","post","type-post","status-publish","format-standard","has-post-thumbnail","hentry","category-spanish"],"_links":{"self":[{"href":"https:\/\/theworldwidejournal.com\/index.php?rest_route=\/wp\/v2\/posts\/54461","targetHints":{"allow":["GET"]}}],"collection":[{"href":"https:\/\/theworldwidejournal.com\/index.php?rest_route=\/wp\/v2\/posts"}],"about":[{"href":"https:\/\/theworldwidejournal.com\/index.php?rest_route=\/wp\/v2\/types\/post"}],"author":[{"embeddable":true,"href":"https:\/\/theworldwidejournal.com\/index.php?rest_route=\/wp\/v2\/users\/2"}],"replies":[{"embeddable":true,"href":"https:\/\/theworldwidejournal.com\/index.php?rest_route=%2Fwp%2Fv2%2Fcomments&post=54461"}],"version-history":[{"count":0,"href":"https:\/\/theworldwidejournal.com\/index.php?rest_route=\/wp\/v2\/posts\/54461\/revisions"}],"wp:featuredmedia":[{"embeddable":true,"href":"https:\/\/theworldwidejournal.com\/index.php?rest_route=\/wp\/v2\/media\/54462"}],"wp:attachment":[{"href":"https:\/\/theworldwidejournal.com\/index.php?rest_route=%2Fwp%2Fv2%2Fmedia&parent=54461"}],"wp:term":[{"taxonomy":"category","embeddable":true,"href":"https:\/\/theworldwidejournal.com\/index.php?rest_route=%2Fwp%2Fv2%2Fcategories&post=54461"},{"taxonomy":"post_tag","embeddable":true,"href":"https:\/\/theworldwidejournal.com\/index.php?rest_route=%2Fwp%2Fv2%2Ftags&post=54461"}],"curies":[{"name":"wp","href":"https:\/\/api.w.org\/{rel}","templated":true}]}}