{"id":54463,"date":"1970-01-01T01:00:00","date_gmt":"1970-01-01T00:00:00","guid":{"rendered":"https:\/\/theworldwidejournal.com\/1970\/01\/01\/emotivo-y-sobrio-homenaje-a-las-victimas-del-17-a-pese-a-los-intentos-de-politizacion\/"},"modified":"1970-01-01T01:00:00","modified_gmt":"1970-01-01T00:00:00","slug":"emotivo-y-sobrio-homenaje-a-las-victimas-del-17-a-pese-a-los-intentos-de-politizacion","status":"publish","type":"post","link":"https:\/\/theworldwidejournal.com\/?p=54463","title":{"rendered":"Emotivo y sobrio homenaje a las v\u00edctimas del 17-A pese a los intentos de politizaci\u00f3n"},"content":{"rendered":"<p>Rodeados de un silencio s\u00f3lo quebrado por los aplausos de la gente que se apostaba a lado y lado de la calle y con la comitiva institucional en un discreto segundo plano, los familiares de las v\u00edctimas mortales del atentado del 17 de agosto del a\u00f1o pasado en Barcelona y Cambrils (Tarragona) han regresado este viernes a La Rambla para recordar a sus seres queridos y homenajearlos un a\u00f1o despu\u00e9s del brutal ataque perpetrado por una c\u00e9lula yihadistas. Los padres de Xavi, el peque\u00f1o de Rub\u00ed (Barcelona) que perdi\u00f3 la vida con apenas tres a\u00f1os, encabezaban una comitiva que se ha desplazado poco despu\u00e9s de las diez de la ma\u00f1ana desde la calle Ferran al mosaico de Joan Mir\u00f3, lugar en el que se detuvo la furgoneta que conduc\u00eda Younes Abouyaqup y que los barceloneses convirtieron en improvisado memorial el a\u00f1o pasado. Un escenario para el recuerdo que ha acogido hoy una sobria ofrenda floral, con los familiares depositando en silencio girasoles, gerberas y claveles en unos tiestos de colores que el Ayuntamiento de Barcelona hab\u00eda preparado para la ocasi\u00f3n. Con la representaci\u00f3n institucional encabezada por la alcaldesa de Barcelona, Ada Colau y el presidente de la Generalitat, Quim Torra, en un segundo plano, la ofrenda floral ha sido la primera parada de una jornada que ha proseguido en plaza Catalu\u00f1a, donde a las 10.30 ha arrancado un acto institucional al que se han sumado los Reyes y el presidente del Gobierno, Pedro S\u00e1nchez. El Rey, a su llegada al acto de plaza Catalu\u00f1a &#8211; In\u00e9s Baucells Varios centenares de personas han llenado el centro de la plaza para asistir a un acto conducido por la periodista Gemma Nierga que no ha incluido parlamentos oficiales. \u00bfEl objetivo? Que todo el protagonismo fuese para las v\u00edctimas de los ataques y sus familiares. Con todo, y despu\u00e9s de unos d\u00edas en los que la sombra de la politizaci\u00f3n ha planeado sobre los preparativos de los actos, uno de los edificios de la plaza en la que se celebraba el acto ha amanecido este viernes con una pancarta en contra de la presencia del Rey. Tambi\u00e9n en La Rambla se han desplegado lonas con mensajes cr\u00edticos y la marcha alternativa organizada por los CDR ha estado encabezada por el lema \u00abCatalu\u00f1a no tiene Rey\u00bb, pero dentro de la plaza, la presencia de Felipe VI ha sido saludada con numerosos vivas y muestras de apoyo. Fuera de la plaza, en una de las esquinas, una comitiva de la ANC intentaba hacerse o\u00edr cantando \u00abL&#8217;estaca\u00bb o entonando lemas como \u00abVa de paz, no va de banderas\u00bb. \u00abBarcelona, ciudad de paz\u00bb era lema de una conmemoraci\u00f3n en la que han participado unas 150 v\u00edctimas y familiares de doce pa\u00edses y durante el que se ha le\u00eddo un fragmento del poema \u00abDevociones sobre situaciones inesperadas\u00bb, de John Donne en ocho idiomas diferentes, los idiomas de las v\u00edctimas del atentado. \u00abTambi\u00e9n es un acto de reconocimiento a los servicios emergencia y a los cuerpos de seguridad, por su labor y esfuerzo y por su dedicaci\u00f3n ejemplar\u00bb, ha resaltado Nierga antes de despedir el acto con las interpretaciones musicales de \u00abOver The Rainbow\u00bb, \u00abImagine\u00bb, \u00abHallelujah y \u00abQualsevol nit pot sortir el sol\u00bb.<br \/>\nVia: <a href=\"https:\/\/www.abc.es\/espana\/catalunya\/abci-emotivo-y-sobrio-homenaje-victimas-17-a-pese-intentos-politizacion-201808171157_noticia.html\" target=\"_blank\">Emotivo y sobrio homenaje a las v\u00edctimas del 17-A pese a los intentos de politizaci\u00f3n<\/a><\/p>\n","protected":false},"excerpt":{"rendered":"<p>Rodeados de un silencio s\u00f3lo quebrado por los aplausos de la gente que se apostaba a lado y lado de la calle y con la comitiva institucional en un discreto segundo plano, los familiares de las v\u00edctimas mortales del atentado del 17 de agosto del a\u00f1o pasado en Barcelona y [&hellip;]<\/p>\n","protected":false},"author":2,"featured_media":54464,"comment_status":"open","ping_status":"closed","sticky":false,"template":"","format":"standard","meta":{"footnotes":""},"categories":[6],"tags":[],"class_list":["post-54463","post","type-post","status-publish","format-standard","has-post-thumbnail","hentry","category-spanish"],"_links":{"self":[{"href":"https:\/\/theworldwidejournal.com\/index.php?rest_route=\/wp\/v2\/posts\/54463","targetHints":{"allow":["GET"]}}],"collection":[{"href":"https:\/\/theworldwidejournal.com\/index.php?rest_route=\/wp\/v2\/posts"}],"about":[{"href":"https:\/\/theworldwidejournal.com\/index.php?rest_route=\/wp\/v2\/types\/post"}],"author":[{"embeddable":true,"href":"https:\/\/theworldwidejournal.com\/index.php?rest_route=\/wp\/v2\/users\/2"}],"replies":[{"embeddable":true,"href":"https:\/\/theworldwidejournal.com\/index.php?rest_route=%2Fwp%2Fv2%2Fcomments&post=54463"}],"version-history":[{"count":0,"href":"https:\/\/theworldwidejournal.com\/index.php?rest_route=\/wp\/v2\/posts\/54463\/revisions"}],"wp:featuredmedia":[{"embeddable":true,"href":"https:\/\/theworldwidejournal.com\/index.php?rest_route=\/wp\/v2\/media\/54464"}],"wp:attachment":[{"href":"https:\/\/theworldwidejournal.com\/index.php?rest_route=%2Fwp%2Fv2%2Fmedia&parent=54463"}],"wp:term":[{"taxonomy":"category","embeddable":true,"href":"https:\/\/theworldwidejournal.com\/index.php?rest_route=%2Fwp%2Fv2%2Fcategories&post=54463"},{"taxonomy":"post_tag","embeddable":true,"href":"https:\/\/theworldwidejournal.com\/index.php?rest_route=%2Fwp%2Fv2%2Ftags&post=54463"}],"curies":[{"name":"wp","href":"https:\/\/api.w.org\/{rel}","templated":true}]}}