{"id":54529,"date":"2018-08-17T21:49:20","date_gmt":"2018-08-17T19:49:20","guid":{"rendered":"https:\/\/theworldwidejournal.com\/2018\/08\/17\/el-homenaje-a-las-victimas-logra-una-breve-tregua-politica\/"},"modified":"2018-08-17T21:49:20","modified_gmt":"2018-08-17T19:49:20","slug":"el-homenaje-a-las-victimas-logra-una-breve-tregua-politica","status":"publish","type":"post","link":"https:\/\/theworldwidejournal.com\/?p=54529","title":{"rendered":"El homenaje a las v\u00edctimas logra una breve tregua pol\u00edtica"},"content":{"rendered":"<p>Era la excusa perfecta para la tregua pol\u00edtica que hab\u00edan pedido las v\u00edctimas, y se logr\u00f3, aunque fuera breve, solo los 45 minutos que dur\u00f3 el acto de conmemoraci\u00f3n en la plaza de Catalunya del aniversario del atentado terrorista en Barcelona. Todo result\u00f3 distinto a la manifestaci\u00f3n del a\u00f1o pasado, en la que Felipe VI sufri\u00f3 el peor abucheo de su reinado. La suma de una organizaci\u00f3n f\u00e9rrea, con la plaza blindada, y la decisi\u00f3n del independentismo de no armar un esc\u00e1ndalo, lograron que el recinto quedara dominado por unas decenas de gritos de \u201c\u00a1Viva el Rey!\u201d y otros tantos que reclamaban silencio por respeto a las v\u00edctimas.Seguir leyendo.<br \/>\nVia: <a href=\"https:\/\/elpais.com\/ccaa\/2018\/08\/17\/catalunya\/1534512028_293282.html#?ref=rss&#038;format=simple&#038;link=link\" target=\"_blank\">El homenaje a las v\u00edctimas logra una breve tregua pol\u00edtica<\/a><\/p>\n","protected":false},"excerpt":{"rendered":"<p>Era la excusa perfecta para la tregua pol\u00edtica que hab\u00edan pedido las v\u00edctimas, y se logr\u00f3, aunque fuera breve, solo los 45 minutos que dur\u00f3 el acto de conmemoraci\u00f3n en la plaza de Catalunya del aniversario del atentado terrorista en Barcelona. Todo result\u00f3 distinto a la manifestaci\u00f3n del a\u00f1o pasado, [&hellip;]<\/p>\n","protected":false},"author":2,"featured_media":0,"comment_status":"open","ping_status":"closed","sticky":false,"template":"","format":"standard","meta":{"footnotes":""},"categories":[6],"tags":[],"class_list":["post-54529","post","type-post","status-publish","format-standard","hentry","category-spanish"],"_links":{"self":[{"href":"https:\/\/theworldwidejournal.com\/index.php?rest_route=\/wp\/v2\/posts\/54529","targetHints":{"allow":["GET"]}}],"collection":[{"href":"https:\/\/theworldwidejournal.com\/index.php?rest_route=\/wp\/v2\/posts"}],"about":[{"href":"https:\/\/theworldwidejournal.com\/index.php?rest_route=\/wp\/v2\/types\/post"}],"author":[{"embeddable":true,"href":"https:\/\/theworldwidejournal.com\/index.php?rest_route=\/wp\/v2\/users\/2"}],"replies":[{"embeddable":true,"href":"https:\/\/theworldwidejournal.com\/index.php?rest_route=%2Fwp%2Fv2%2Fcomments&post=54529"}],"version-history":[{"count":0,"href":"https:\/\/theworldwidejournal.com\/index.php?rest_route=\/wp\/v2\/posts\/54529\/revisions"}],"wp:attachment":[{"href":"https:\/\/theworldwidejournal.com\/index.php?rest_route=%2Fwp%2Fv2%2Fmedia&parent=54529"}],"wp:term":[{"taxonomy":"category","embeddable":true,"href":"https:\/\/theworldwidejournal.com\/index.php?rest_route=%2Fwp%2Fv2%2Fcategories&post=54529"},{"taxonomy":"post_tag","embeddable":true,"href":"https:\/\/theworldwidejournal.com\/index.php?rest_route=%2Fwp%2Fv2%2Ftags&post=54529"}],"curies":[{"name":"wp","href":"https:\/\/api.w.org\/{rel}","templated":true}]}}