{"id":54531,"date":"1970-01-01T01:00:00","date_gmt":"1970-01-01T00:00:00","guid":{"rendered":"https:\/\/theworldwidejournal.com\/1970\/01\/01\/el-separatismo-pincha-y-no-consigue-empanar-el-homenaje-a-las-victimas\/"},"modified":"1970-01-01T01:00:00","modified_gmt":"1970-01-01T00:00:00","slug":"el-separatismo-pincha-y-no-consigue-empanar-el-homenaje-a-las-victimas","status":"publish","type":"post","link":"https:\/\/theworldwidejournal.com\/?p=54531","title":{"rendered":"El separatismo pincha y no consigue empa\u00f1ar el homenaje a las v\u00edctimas"},"content":{"rendered":"<p>Con un a\u00f1o de retraso, Barcelona consigui\u00f3 ayer rendir un homenaje digno a las v\u00edctimas de los atentados terroristas perpetrados en la capital catalana y en Cambrils. Esta vez, la otra Catalu\u00f1a, la que sali\u00f3 por primera vez a la calle el 8 de octubre, y demostr\u00f3 que no era minoritaria ni silenciosa, consigui\u00f3 evitar que los separatistas enlodaran el obligado homenaje con sus reivindicaciones pol\u00edticas. Los propios l\u00edderes soberanistas suavizaron su tono revindicativo y aprovecharon esta segunda oportunidad para intentar limpiar su imagen y saldar su deuda con los muertos, tras el lamentable espect\u00e1culo del a\u00f1o pasado. Y, aunque algunos pocos volvieron a intentar reventar el acto desde las inmediaciones, sus tretas quedaron diluidas en una plaza Catalu\u00f1a en la que se impusieron las banderas de Espa\u00f1a y se oyeron vivas al Rey, a Espa\u00f1a, a la libertad y a la Guardia Civil. Pancarta contra el Rey La hostilidad separatista qued\u00f3 patente desde primeras horas de la ma\u00f1ana, cuando en uno de los edificios que da a la plaza apareci\u00f3 colgada una pancarta con el siguiente texto en ingl\u00e9s: \u00abThe spanish king is not welcome in the catalan countries\u00bb (El Rey espa\u00f1ol no es bienvenido en los pa\u00edses catalanes). A pesar de que un grupo de personas reclam\u00f3 a gritos su retirada durante toda la ma\u00f1ana, la pancarta se mantuvo all\u00ed hasta avanzada la tarde, cuando los separatistas decidieron retirarla, una vez cumplido su objetivo. El homenaje empez\u00f3 poco despu\u00e9s de las diez y media de la ma\u00f1ana, cuando los Reyes de Espa\u00f1a y Condes de Barcelona llegaron a las inmediaciones de la plaza, acompa\u00f1ados por el presidente del Gobierno, Pedro S\u00e1nchez. La delegada del Gobierno en Catalu\u00f1a, Teresa Cunillera, les esperaba a pie de coche con toda normalidad institucional. Cuando Don Felipe y Do\u00f1a Letizia entraron en el recinto del homenaje fueron recibidos con \u00abvivas\u00bb y aplausos por parte del p\u00fablico -no se oy\u00f3 ni un abucheo-, ante la presencia del presidente de la Generalitat, Quim Torra, que, seg\u00fan reconoci\u00f3 despu\u00e9s, se sent\u00eda inc\u00f3modo junto al Rey. Y es que, en cuesti\u00f3n de d\u00edas, Torra pas\u00f3 de proclamar que Don Felipe no era el Rey de los catalanes, a recibirle como un presidente auton\u00f3mico recibe al Jefe del Estado. Ante semejante espect\u00e1culo -habitual, por otra parte, en casi todos los actos de v\u00edctimas del terrorismo-, Torra recurri\u00f3 a su particular estilo reivindicativo y pidi\u00f3 a Laura Masvidal, la mujer de uno de los exconsejeros presos, Joaquim Forn, que le acompa\u00f1ara en el momento en que fuera a saludarle el Rey. \u00abMe parec\u00eda una buena manera de honrarle\u00bb, explic\u00f3 despu\u00e9s. Don Felipe salud\u00f3 a ambos, as\u00ed como al presidente del Parlamento catal\u00e1n, Roger Torrent, y a la alcaldesa de Barcelona, Ada Colau, entre otros. Tras saludar a las autoridades, los Reyes se dirigieron a la primera fila para transmitir personalmente su apoyo a los familiares de las v\u00edctimas y a los heridos -al final, acudieron unos 200- y, tras expresar su breve mensaje de solidaridad, se dirigieron a la zona de las autoridades, situada inmediatamente detr\u00e1s, para seguir una ceremonia marcada por una m\u00fasica melanc\u00f3lica, con piezas como \u00abImagine\u00bb o \u00abHallelujah\u00bb, y las intervenciones de la periodista Gemma Nierga. Desde el lugar de la ceremonia, se o\u00eda tambi\u00e9n a lo lejos el himno f\u00fanebre \u00abLa muerte no es el final\u00bb, con el que se rinde homenaje a los que dieron su vida por Espa\u00f1a. Durante el acto, Don Felipe y Do\u00f1a Letizia estuvieron flanqueados por S\u00e1nchez, al lado del Rey, y por el presidente del Tribunal Constitucional, Juan Jos\u00e9 Gonz\u00e1lez Rivas, al lado de la Reina. Torra dijo que no quer\u00eda estar junto a Don Felipe, y no lo estuvo, porque estuvieron separados por S\u00e1nchez y por los presidentes del Congreso, Ana Pastor, y del Senado, P\u00edo Garc\u00eda Escudero. Tambi\u00e9n acudieron el presidente del Tribunal Supremo y CGPJ, Carlos Lesmes; los ministros de Justicia, Dolores Delgado, e Interior, Fernando Grande-Marlaska; el presidente de Arag\u00f3n, Javier Lamb\u00e1n; los l\u00edderes del PP, Pablo Casado, y de Ciudadanos, Albert Rivera e In\u00e9s Arrimadas; varios miembros del Gobierno auton\u00f3mico catal\u00e1n, como Pere Aragon\u00e8s, Elsa Artadi, Ernest Maragall, Miquel Buch, Josep Bargall\u00f3 y Alba Verg\u00e9s, y la presidenta de la Fundaci\u00f3n V\u00edctimas del Terrorismo, Marimar Blanco, entre otros. La ANC, alrededor Mientras los Reyes, las altas autoridades del Estado y el p\u00fablico rend\u00eda homenaje a las v\u00edctimas en la plaza de Catalu\u00f1a, en las inmediaciones se concentraban miembros de la ANC, que repart\u00edan panfletos sobre los pol\u00edticos presos. M\u00e1s alejados del centro, los Comit\u00e9s de Defensa de la Rep\u00fablica (CDR), tambi\u00e9n se concentraron, ayer con pocas \u00abesteladas\u00bb y muchas pancartas, centradas ayer en ir contra el Rey. M\u00e1s numeroso fue el grupo que reuni\u00f3 en La Rambla la Uni\u00f3n Mon\u00e1rquica de Espa\u00f1a (UME), cuyos integrantes, m\u00e1s de un centenar y con banderas espa\u00f1olas, pasaron despu\u00e9s al acto central del homenaje. Al finalizar el encuentro, en sus inmediaciones acabaron coincidiendo separatistas con personas que no lo son y se vivi\u00f3 alg\u00fan momento de tensi\u00f3n. \u00ab\u00a1Qu\u00e9 verg\u00fcenza venir hoy con banderas!\u00bb, les reprochaban unos, a lo que otros les respond\u00edan que \u00abla verg\u00fcenza es no querer a Espa\u00f1a y Catalu\u00f1a unidas\u00bb. A pesar del rifirrafe, los Mossos pudieron evitar los enfrentamientos, consiguiendo as\u00ed que el protagonismo del d\u00eda fuera para las v\u00edctimas.<br \/>\nVia: <a href=\"https:\/\/www.abc.es\/espana\/abci-separatismo-pincha-y-no-consigue-empanar-homenaje-victimas-201808180257_noticia.html\" target=\"_blank\">El separatismo pincha y no consigue empa\u00f1ar el homenaje a las v\u00edctimas<\/a><\/p>\n","protected":false},"excerpt":{"rendered":"<p>Con un a\u00f1o de retraso, Barcelona consigui\u00f3 ayer rendir un homenaje digno a las v\u00edctimas de los atentados terroristas perpetrados en la capital catalana y en Cambrils. Esta vez, la otra Catalu\u00f1a, la que sali\u00f3 por primera vez a la calle el 8 de octubre, y demostr\u00f3 que no era [&hellip;]<\/p>\n","protected":false},"author":2,"featured_media":54532,"comment_status":"open","ping_status":"closed","sticky":false,"template":"","format":"standard","meta":{"footnotes":""},"categories":[6],"tags":[],"class_list":["post-54531","post","type-post","status-publish","format-standard","has-post-thumbnail","hentry","category-spanish"],"_links":{"self":[{"href":"https:\/\/theworldwidejournal.com\/index.php?rest_route=\/wp\/v2\/posts\/54531","targetHints":{"allow":["GET"]}}],"collection":[{"href":"https:\/\/theworldwidejournal.com\/index.php?rest_route=\/wp\/v2\/posts"}],"about":[{"href":"https:\/\/theworldwidejournal.com\/index.php?rest_route=\/wp\/v2\/types\/post"}],"author":[{"embeddable":true,"href":"https:\/\/theworldwidejournal.com\/index.php?rest_route=\/wp\/v2\/users\/2"}],"replies":[{"embeddable":true,"href":"https:\/\/theworldwidejournal.com\/index.php?rest_route=%2Fwp%2Fv2%2Fcomments&post=54531"}],"version-history":[{"count":0,"href":"https:\/\/theworldwidejournal.com\/index.php?rest_route=\/wp\/v2\/posts\/54531\/revisions"}],"wp:featuredmedia":[{"embeddable":true,"href":"https:\/\/theworldwidejournal.com\/index.php?rest_route=\/wp\/v2\/media\/54532"}],"wp:attachment":[{"href":"https:\/\/theworldwidejournal.com\/index.php?rest_route=%2Fwp%2Fv2%2Fmedia&parent=54531"}],"wp:term":[{"taxonomy":"category","embeddable":true,"href":"https:\/\/theworldwidejournal.com\/index.php?rest_route=%2Fwp%2Fv2%2Fcategories&post=54531"},{"taxonomy":"post_tag","embeddable":true,"href":"https:\/\/theworldwidejournal.com\/index.php?rest_route=%2Fwp%2Fv2%2Ftags&post=54531"}],"curies":[{"name":"wp","href":"https:\/\/api.w.org\/{rel}","templated":true}]}}