{"id":54533,"date":"1970-01-01T01:00:00","date_gmt":"1970-01-01T00:00:00","guid":{"rendered":"https:\/\/theworldwidejournal.com\/1970\/01\/01\/tebas-a-rubiales-le-viene-grande-el-cargo\/"},"modified":"1970-01-01T01:00:00","modified_gmt":"1970-01-01T00:00:00","slug":"tebas-a-rubiales-le-viene-grande-el-cargo","status":"publish","type":"post","link":"https:\/\/theworldwidejournal.com\/?p=54533","title":{"rendered":"Tebas: \u00abA Rubiales le viene grande el cargo\u00bb"},"content":{"rendered":"<p>En cada rueda de prensa, en cada entrevista, en cada conferencia. Durante los \u00faltimos tres meses, se le ha preguntado repetidamente a Javier Tebas, el presidente de la Liga, sobre el nuevo mandam\u00e1s de la Federaci\u00f3n Espa\u00f1ola de F\u00fatbol. Son de sobra conocidas las discrepancias entre ambos desde que Luis Rubiales dirig\u00eda la Asociaci\u00f3n de Futbolistas Espa\u00f1oles (AFE) y le lleg\u00f3 a montar una huelga a falta de dos jornadas en 2015. Se le pregunta a Tebas, pero \u00e9l elud\u00eda hasta ahora la respuesta apelando a los cien d\u00edas de cortes\u00eda que se cumplen la pr\u00f3xima semana. As\u00ed que en la entrevista concedida a ABC decidi\u00f3 romper su silencio. \u00bfQu\u00e9 balance realiza de estos tres primeros meses de mandato de Luis Rubiales? En primer lugar, el cambio de estructura parece el adecuado. Ha hecho una Junta Directiva con menos personas, que parece un buen cambio. En segundo lugar, dentro de esa Junta Directiva, no todos, pero s\u00ed que hay dos o tres personas de una gran cualificaci\u00f3n profesional, como Ana Mu\u00f1oz o Andreu Camps. Re\u00fanen un perfil importante que requer\u00eda la casa. Yo creo que eso es un tema a valorar. Sin embargo, creo que no est\u00e1 haciendo una Federaci\u00f3n de todos. \u00bfA qu\u00e9 se refiere? A que las territoriales que no le apoyaron han sido totalmente apartadas. Y han entrado en esa Junta Directiva, aunque no sea oficialmente, en concepto de asesores, personas que est\u00e1n imputadas. Y eso es criticable en mi opini\u00f3n. Ha sido sectario apartando a los que no le apoyaron y ha puesto como asesores a los que est\u00e1n imputados para no dar la imagen de que est\u00e9n en la Junta. \u00bfLa decisi\u00f3n de despedir a Lopetegui? Ya dije que era una decisi\u00f3n precipitada. Yo no lo hubiera hecho. En absoluto. Tienes que ponderar los bienes. Y el bien de la selecci\u00f3n, de la competici\u00f3n, estaba por encima de la dignidad de un trabajador de la Federaci\u00f3n. La dignidad se puede defender de otras formas. Por lo dem\u00e1s, veo algunas decisiones a matacaballo. Quiz\u00e1 hay demasiados cambios de golpe. Muchas caras nuevas que hacen que todo se mueva lentamente. Eso es lo que puedo valorar de estos cien d\u00edas. Lo fundamental lo veremos m\u00e1s adelante. Al menos ahora se sientan juntos, no como en la \u00e9poca de Villar, que era imposible. Con Luis Rubiales no me he llevado bien ni cuando era presidente del sindicato. No me voy a ir de fiesta con \u00e9l ni voy a decir que es mi amigo. Pero eso no quiere decir que yo no me vaya a sentar y hablar con \u00e9l. Todav\u00eda no puedo dar la opini\u00f3n final de si est\u00e1 capacitado para llevar o no la Federaci\u00f3n. Me faltan opiniones. Sigo pensando que el cargo le viene grande, pero igual dentro de seis meses pienso todo lo contrario y con la ayuda de la gente que se ha rodeado, si da m\u00e1s fuerza a esta gente, quiz\u00e1 le ayuden a su gesti\u00f3n. Hay que valorar que en estos d\u00edas que ha estado hemos podido arreglar el l\u00edo que hab\u00eda con el calendario, hemos arreglado el tema del colectivo arbitral. \u00bfEspera que esa relaci\u00f3n institucional se mantenga? Rubiales se sentar\u00e1 las veces que sean necesarias, porque no es un tipo de esconder los problemas. Otra cosa es que tengamos discrepancias. De eso no tengo la menor duda. Pero nos tendremos que entender en muchas cosas por el bien del f\u00fatbol como hemos hecho hasta ahora. En 90 d\u00edas que lleva hemos resuelto m\u00e1s temas que en cinco a\u00f1os de presidente con Villar. El que estuvo a punto de no coincidir en el tiempo con Rubiales fue usted, que fue tentado desde Italia. \u00bfC\u00f3mo surgi\u00f3 aquello? La mayor\u00eda de los clubes italianos piensan en m\u00ed para dirigir el f\u00fatbol italiano. Acepto la propuesta porque me parece un reto interesante tanto en el \u00e1mbito profesional como en el econ\u00f3mico. Llega esa noticia a Espa\u00f1a y los clubes quieren que siga aqu\u00ed al frente. Igualan el tema econ\u00f3mico y yo lo \u00fanico que ped\u00eda era que hubiera un respaldo de la mayor\u00eda de los clubes. Eso ocurre y me quedo. Pero hubo un momento en el que pens\u00e9 que estar\u00eda la siguiente temporada trabajando en Italia. \u00bfY se ha arrepentido en alg\u00fan momento de la decisi\u00f3n de quedarse? No. En absoluto. El proyecto era muy atractivo, pero tambi\u00e9n lo es en Espa\u00f1a. Nos quedan muchos retos. Porque la industria del mundo del f\u00fatbol est\u00e1 viviendo una gran transformaci\u00f3n. \u00bfCu\u00e1nto desgasta el cargo? El desgaste del cargo es algo que asumes cuando lo aceptas, y m\u00e1s despu\u00e9s de la renovaci\u00f3n. Yo ya trabajaba mucho con mi despacho antes de acceder a este cargo, pero cuando lo asum\u00ed ya sab\u00eda que iba a tener un desgaste personal, f\u00edsico y psicol\u00f3gico mucho mayor porque la responsabilidad es muy importante. Tienes una industria que maneja el 1 por ciento del PIB y que de tus decisiones dependen miles de puestos de trabajo. Cuanto mejor le vaya al futbol profesional espa\u00f1ol, mejor le ir\u00e1 a muchas personas. \u00bfC\u00f3mo lleva eso la familia? Mi familia lo lleva con paciencia y resignaci\u00f3n. Es verdad que a veces se me quejan de que estoy demasiado rato al tel\u00e9fono. Pero ellos ya sab\u00edan lo que supon\u00eda este cargo. Recuerdo que mi madre me dec\u00eda que cuando fuera padre lo m\u00e1s importante no ser\u00eda la cantidad, sino la calidad de los momentos que est\u00e1s con tu familia. Por eso, los pocos ratos que comparto con ellos intento que sean lo mejor posible. Con eso estoy seguro de que compenso un poco mis ausencias. \u00bfY hasta cu\u00e1ndo aguantar\u00e1 esta responsabilidad? Me quedan dos a\u00f1os de mandato y creo que despu\u00e9s deber\u00e9 continuar algo m\u00e1s, porque tenemos varios restos por delante. Tenemos el reto de la transformaci\u00f3n de la television; tenemos tambi\u00e9n el reto de lo que est\u00e1 ocurriendo en Europa con los clubes-Estado que est\u00e1 poniendo en peligro la industria del f\u00fatbol; tenemos el problema de la p\u00e9rdida de competitividad d el f\u00fatbol&hellip;<br \/>\nVia: <a href=\"https:\/\/www.abc.es\/deportes\/futbol\/abci-liga-santander-tebas-rubiales-viene-grande-cargo-201808180215_noticia.html\" target=\"_blank\">Tebas: \u00abA Rubiales le viene grande el cargo\u00bb<\/a><\/p>\n","protected":false},"excerpt":{"rendered":"<p>En cada rueda de prensa, en cada entrevista, en cada conferencia. Durante los \u00faltimos tres meses, se le ha preguntado repetidamente a Javier Tebas, el presidente de la Liga, sobre el nuevo mandam\u00e1s de la Federaci\u00f3n Espa\u00f1ola de F\u00fatbol. Son de sobra conocidas las discrepancias entre ambos desde que Luis [&hellip;]<\/p>\n","protected":false},"author":2,"featured_media":54534,"comment_status":"open","ping_status":"closed","sticky":false,"template":"","format":"standard","meta":{"footnotes":""},"categories":[6],"tags":[],"class_list":["post-54533","post","type-post","status-publish","format-standard","has-post-thumbnail","hentry","category-spanish"],"_links":{"self":[{"href":"https:\/\/theworldwidejournal.com\/index.php?rest_route=\/wp\/v2\/posts\/54533","targetHints":{"allow":["GET"]}}],"collection":[{"href":"https:\/\/theworldwidejournal.com\/index.php?rest_route=\/wp\/v2\/posts"}],"about":[{"href":"https:\/\/theworldwidejournal.com\/index.php?rest_route=\/wp\/v2\/types\/post"}],"author":[{"embeddable":true,"href":"https:\/\/theworldwidejournal.com\/index.php?rest_route=\/wp\/v2\/users\/2"}],"replies":[{"embeddable":true,"href":"https:\/\/theworldwidejournal.com\/index.php?rest_route=%2Fwp%2Fv2%2Fcomments&post=54533"}],"version-history":[{"count":0,"href":"https:\/\/theworldwidejournal.com\/index.php?rest_route=\/wp\/v2\/posts\/54533\/revisions"}],"wp:featuredmedia":[{"embeddable":true,"href":"https:\/\/theworldwidejournal.com\/index.php?rest_route=\/wp\/v2\/media\/54534"}],"wp:attachment":[{"href":"https:\/\/theworldwidejournal.com\/index.php?rest_route=%2Fwp%2Fv2%2Fmedia&parent=54533"}],"wp:term":[{"taxonomy":"category","embeddable":true,"href":"https:\/\/theworldwidejournal.com\/index.php?rest_route=%2Fwp%2Fv2%2Fcategories&post=54533"},{"taxonomy":"post_tag","embeddable":true,"href":"https:\/\/theworldwidejournal.com\/index.php?rest_route=%2Fwp%2Fv2%2Ftags&post=54533"}],"curies":[{"name":"wp","href":"https:\/\/api.w.org\/{rel}","templated":true}]}}