{"id":54535,"date":"1970-01-01T01:00:00","date_gmt":"1970-01-01T00:00:00","guid":{"rendered":"https:\/\/theworldwidejournal.com\/1970\/01\/01\/barcelona-no-entiende-que-le-paso\/"},"modified":"1970-01-01T01:00:00","modified_gmt":"1970-01-01T00:00:00","slug":"barcelona-no-entiende-que-le-paso","status":"publish","type":"post","link":"https:\/\/theworldwidejournal.com\/?p=54535","title":{"rendered":"Barcelona no entiende qu\u00e9 le pas\u00f3"},"content":{"rendered":"<p>Barcelona todav\u00eda no ha entendido qu\u00e9 le pas\u00f3 hace un a\u00f1o y por eso el homenaje de ayer fue confuso, vulgar y desangelado. La sensaci\u00f3n de que no sab\u00edamos exactamente a qui\u00e9n homenaje\u00e1bamos, ni por qu\u00e9; y la sensaci\u00f3n, m\u00e1s tenue, pero m\u00e1s grave, de que todav\u00eda no hemos aprendido de qui\u00e9n nos tenemos que defender. TV3 llamaba \u00abEstado Isl\u00e1mico\u00bb a los terroristas, por su nombre propagand\u00edstico, sin llegar a mencionar en ning\u00fan momento que eran islamistas. La retransmisi\u00f3n del acto dio casi la misma cobertura a las acciones de la banda callejera de los CDR que a la celebraci\u00f3n institucional. Igualmente, convirti\u00f3 en acontecimiento, hasta con un \u00abenviado especial\u00bb, una sola pancarta desplegada contra el Rey, y se mof\u00f3 de los que ped\u00edan que fuera retirada. Por el tono y la decantaci\u00f3n de los comentarios del presentador, Toni Cruanyes, daba la sensaci\u00f3n de que consideraba que los europeos \u00e9ramos mitad v\u00edctimas pero mitad culpables de las distintas masacres islamistas que hemos ido sufriendo. Cuando en 2010 el Papa Benedicto XVI visit\u00f3 Barcelona, Cruanyes y su novio colgaron en el balc\u00f3n de su piso una pancarta con el lema de rechazo al Santo Padre \u00abYo no te espero\u00bb. No se le recuerda al periodista ninguna pancarta contra el islamismo, ni por su terrorismo ni por c\u00f3mo asesina a los homosexuales. El homenaje de ayer en Barcelona estuvo ordenado en lo est\u00e9tico, pero fue de un vac\u00edo moral sin duda propio de la magnitud intelectual, cultural y espiritual de su organizadora, la alcaldesa Colau; as\u00ed como de una sociedad tan ensimismada que no llora ni por sus muertos. Equiparar religiones El relativismo atroz lo encarn\u00f3, con quir\u00fargica precisi\u00f3n, la elecci\u00f3n de Gemma Nierga como portavoz del acto. No le pidi\u00f3 al presidente del Gobierno, como hizo en el homenaje a Ernest Lluch, que \u00abustedes que pueden, dialoguen\u00bb con los islamistas, pero s\u00ed que en su parlamento apel\u00f3 a la \u00abpluralidad religiosa y moral\u00bb, para en realidad acabar estableciendo una infame equiparaci\u00f3n religiosa y moral, cuando hasta d\u00f3nde sabemos, no hay nadie que en nombre de Dios vaya atropellando a gente por la calle; ni puede considerarse en modo alguno lo mismo nuestra vida libre y la obsesi\u00f3n asesina por destruirla. Que a diferencia de los islamistas, estemos dispuestos a aceptar y a convivir con m\u00e1s de una idea, no significa que no haya bien y mal, civilizaci\u00f3n y barbarie. Pero lo que sin duda puso el colof\u00f3n al desprop\u00f3sito fue la interpretaci\u00f3n de la canci\u00f3n Imagine de John Lennon, el himno m\u00e1s sectario y que de una manera m\u00e1s c\u00ednica predica la destrucci\u00f3n de Occidente. Un siniestro canto al nihilismo y un insulto a los valores cristianos de La Civilizaci\u00f3n, que es precisamente contra lo que los islamistas atentaron hace un a\u00f1o en las Ramblas. Lo que ni Ada Colau, ni el gobierno de la Generalitat, ni probablemente el de Pedro S\u00e1nchez son capaces de entender es que para el terrorismo islamista, las v\u00edctimas concretas y personales, son s\u00f3lo su propaganda, y lo que de verdad quieren asesinar es nuestro amor y nuestra libertad. Todos fuimos las v\u00edctimas del atentado del a\u00f1o pasado, y no s\u00f3lo por empat\u00eda con las personas que perdieron la vida sino porque fuimos el verdadero objetivo del atropello. No hay sociedad m\u00e1s banal, ni m\u00e1s vulnerable, que la que no entiende de qui\u00e9n tiene que defenderse, ni por qu\u00e9. Cualquier equidistancia entre la Gracia y la barbarie conduce irremediablemente al imperio de la tiniebla y muerte que los terroristas pretenden. En la sombra de las velas de ayer en Barcelona se dibuj\u00f3 la tragedia de los que vuelven a sufrir porque no aprenden de la Historia.<br \/>\nVia: <a href=\"https:\/\/www.abc.es\/espana\/abci-barcelona-no-entiende-paso-201808180257_noticia.html\" target=\"_blank\">Barcelona no entiende qu\u00e9 le pas\u00f3<\/a><\/p>\n","protected":false},"excerpt":{"rendered":"<p>Barcelona todav\u00eda no ha entendido qu\u00e9 le pas\u00f3 hace un a\u00f1o y por eso el homenaje de ayer fue confuso, vulgar y desangelado. La sensaci\u00f3n de que no sab\u00edamos exactamente a qui\u00e9n homenaje\u00e1bamos, ni por qu\u00e9; y la sensaci\u00f3n, m\u00e1s tenue, pero m\u00e1s grave, de que todav\u00eda no hemos aprendido [&hellip;]<\/p>\n","protected":false},"author":2,"featured_media":54536,"comment_status":"open","ping_status":"closed","sticky":false,"template":"","format":"standard","meta":{"footnotes":""},"categories":[6],"tags":[],"class_list":["post-54535","post","type-post","status-publish","format-standard","has-post-thumbnail","hentry","category-spanish"],"_links":{"self":[{"href":"https:\/\/theworldwidejournal.com\/index.php?rest_route=\/wp\/v2\/posts\/54535","targetHints":{"allow":["GET"]}}],"collection":[{"href":"https:\/\/theworldwidejournal.com\/index.php?rest_route=\/wp\/v2\/posts"}],"about":[{"href":"https:\/\/theworldwidejournal.com\/index.php?rest_route=\/wp\/v2\/types\/post"}],"author":[{"embeddable":true,"href":"https:\/\/theworldwidejournal.com\/index.php?rest_route=\/wp\/v2\/users\/2"}],"replies":[{"embeddable":true,"href":"https:\/\/theworldwidejournal.com\/index.php?rest_route=%2Fwp%2Fv2%2Fcomments&post=54535"}],"version-history":[{"count":0,"href":"https:\/\/theworldwidejournal.com\/index.php?rest_route=\/wp\/v2\/posts\/54535\/revisions"}],"wp:featuredmedia":[{"embeddable":true,"href":"https:\/\/theworldwidejournal.com\/index.php?rest_route=\/wp\/v2\/media\/54536"}],"wp:attachment":[{"href":"https:\/\/theworldwidejournal.com\/index.php?rest_route=%2Fwp%2Fv2%2Fmedia&parent=54535"}],"wp:term":[{"taxonomy":"category","embeddable":true,"href":"https:\/\/theworldwidejournal.com\/index.php?rest_route=%2Fwp%2Fv2%2Fcategories&post=54535"},{"taxonomy":"post_tag","embeddable":true,"href":"https:\/\/theworldwidejournal.com\/index.php?rest_route=%2Fwp%2Fv2%2Ftags&post=54535"}],"curies":[{"name":"wp","href":"https:\/\/api.w.org\/{rel}","templated":true}]}}