{"id":54537,"date":"1970-01-01T01:00:00","date_gmt":"1970-01-01T00:00:00","guid":{"rendered":"https:\/\/theworldwidejournal.com\/1970\/01\/01\/familiares-de-las-victimas-del-puente-genoves-no-quieren-funeral-de-estado\/"},"modified":"1970-01-01T01:00:00","modified_gmt":"1970-01-01T00:00:00","slug":"familiares-de-las-victimas-del-puente-genoves-no-quieren-funeral-de-estado","status":"publish","type":"post","link":"https:\/\/theworldwidejournal.com\/?p=54537","title":{"rendered":"Familiares de las v\u00edctimas del puente genov\u00e9s no quieren funeral de Estado"},"content":{"rendered":"<p>\u00abBasta con la farsa, nos avergonzamos de ser italianos\u00bb. As\u00ed han mostrado su rabia algunos familiares de las v\u00edctimas despu\u00e9s de la tragedia por el derrumbe del puente Morandi de G\u00e9nova. Se han rebelado contra los funerales de Estado, que se celebrar\u00e1n esta ma\u00f1ana en la capital de la Liguria, oficiados por el arzobispo de G\u00e9nova, cardenal Bagnasco, con la presencia del presidente de la Rep\u00fablica, Sergio Mattarella. De un total de 38 v\u00edctimas identificadas, ayer se sab\u00eda que solo 14 f\u00e9retros estar\u00edan en la iglesia. Han preferido exequias privadas, celebradas entre ayer y hoy, 17 familias. Otras 7 familias ten\u00edan reservas sobre su participaci\u00f3n en los funerales de Estado. La solemne ceremonia no paralizar\u00e1 las tareas de excavaci\u00f3n entre los escombros porque hay cinco desaparecidos. La revuelta de algunas familias contra los funerales de Estado es fiel reflejo del term\u00f3metro de su ira contra las autoridades, una rabia y dolor que son hoy compartidos por los italianos. Han encabezado el coro de las cr\u00edticas los padres de los cuatro j\u00f3venes de Torre del Greco (N\u00e1poles) -Matteo, Gerardo, Giovanni y Antonio- que en el \u00faltimo momento, cuando se dirig\u00edan hacia Calabria para pasar sus vacaciones, cambiaron de idea y decidieron dirigirse a Espa\u00f1a. El padre de Giovanni, Roberto Battilero, se ha desahogado as\u00ed en Facebook: \u00abMi hijo no se convertir\u00e1 en un n\u00famero en el elenco de los muertos causados por las negligencias italianas. Har\u00e9 todo lo posible para que se haga justicia para \u00e9l y los dem\u00e1s. No queremos un funeral farsa, sino una ceremonia en casa en nuestra iglesia de Terra del Greco. Desde hoy inicia nuestra guerra por la justicia, por la verdad: Esto no debe suceder nunca m\u00e1s\u00bb. Muy cr\u00edtica ha sido tambi\u00e9n la madre del joven Gerardo Esposito, 26 a\u00f1os: \u00abNo se deben permitir hacerse ver en este funeral; la pasarela de los pol\u00edticos en G\u00e9nova ha sido vergonzosa\u00bb. La misma rabia est\u00e1 igualmente en Pinerolo, en la provincia de Tur\u00edn: \u00abHaremos un funeral privado, no tengo ya confianza en este Estado\u00bb, llora Denise Vitone, hermana de Andrea, 49 a\u00f1os, que viajaba con su nueva esposa, Claudia Possetti, 48, y los dos hijos de ella, Camilla, 12, y Manuele, 16. Una familia destruida, como otras, que andaba de vacaciones. La misma c\u00f3lera de las familias ha corrido a r\u00edos por todo el pa\u00eds, una demostraci\u00f3n de que bajo el puente de Morandi ha quedado tambi\u00e9n sepultada una Italia solidaria, unida por el dolor ante la cat\u00e1strofe. En cambio ha vencido el t\u00edpico populismo que ha explotado las emociones del momento. El pa\u00eds ha asistido a un espect\u00e1culo de pura propaganda gubernamental, con frases fuera de lugar y juicios sumarios que da\u00f1an la credibilidad de Italia.<br \/>\nVia: <a href=\"https:\/\/www.abc.es\/internacional\/abci-familiares-victimas-puente-genoves-no-quieren-funeral-estado-201808180306_noticia.html\" target=\"_blank\">Familiares de las v\u00edctimas del puente genov\u00e9s no quieren funeral de Estado<\/a><\/p>\n","protected":false},"excerpt":{"rendered":"<p>\u00abBasta con la farsa, nos avergonzamos de ser italianos\u00bb. As\u00ed han mostrado su rabia algunos familiares de las v\u00edctimas despu\u00e9s de la tragedia por el derrumbe del puente Morandi de G\u00e9nova. Se han rebelado contra los funerales de Estado, que se celebrar\u00e1n esta ma\u00f1ana en la capital de la Liguria, [&hellip;]<\/p>\n","protected":false},"author":2,"featured_media":54538,"comment_status":"open","ping_status":"closed","sticky":false,"template":"","format":"standard","meta":{"footnotes":""},"categories":[6],"tags":[],"class_list":["post-54537","post","type-post","status-publish","format-standard","has-post-thumbnail","hentry","category-spanish"],"_links":{"self":[{"href":"https:\/\/theworldwidejournal.com\/index.php?rest_route=\/wp\/v2\/posts\/54537","targetHints":{"allow":["GET"]}}],"collection":[{"href":"https:\/\/theworldwidejournal.com\/index.php?rest_route=\/wp\/v2\/posts"}],"about":[{"href":"https:\/\/theworldwidejournal.com\/index.php?rest_route=\/wp\/v2\/types\/post"}],"author":[{"embeddable":true,"href":"https:\/\/theworldwidejournal.com\/index.php?rest_route=\/wp\/v2\/users\/2"}],"replies":[{"embeddable":true,"href":"https:\/\/theworldwidejournal.com\/index.php?rest_route=%2Fwp%2Fv2%2Fcomments&post=54537"}],"version-history":[{"count":0,"href":"https:\/\/theworldwidejournal.com\/index.php?rest_route=\/wp\/v2\/posts\/54537\/revisions"}],"wp:featuredmedia":[{"embeddable":true,"href":"https:\/\/theworldwidejournal.com\/index.php?rest_route=\/wp\/v2\/media\/54538"}],"wp:attachment":[{"href":"https:\/\/theworldwidejournal.com\/index.php?rest_route=%2Fwp%2Fv2%2Fmedia&parent=54537"}],"wp:term":[{"taxonomy":"category","embeddable":true,"href":"https:\/\/theworldwidejournal.com\/index.php?rest_route=%2Fwp%2Fv2%2Fcategories&post=54537"},{"taxonomy":"post_tag","embeddable":true,"href":"https:\/\/theworldwidejournal.com\/index.php?rest_route=%2Fwp%2Fv2%2Ftags&post=54537"}],"curies":[{"name":"wp","href":"https:\/\/api.w.org\/{rel}","templated":true}]}}