{"id":54601,"date":"2018-08-18T14:33:37","date_gmt":"2018-08-18T12:33:37","guid":{"rendered":"https:\/\/theworldwidejournal.com\/2018\/08\/18\/torra-y-albiol-discuten-minutos-antes-de-empezar-el-homenaje-a-las-victimas-en-cambrils\/"},"modified":"2018-08-18T14:33:37","modified_gmt":"2018-08-18T12:33:37","slug":"torra-y-albiol-discuten-minutos-antes-de-empezar-el-homenaje-a-las-victimas-en-cambrils","status":"publish","type":"post","link":"https:\/\/theworldwidejournal.com\/?p=54601","title":{"rendered":"Torra y Albiol discuten minutos antes de empezar el homenaje a las v\u00edctimas en Cambrils"},"content":{"rendered":"<p>El rosario de actos en recuerdo de los atentados terroristas del a\u00f1o pasado en Catalu\u00f1a ha finalizado este s\u00e1bado por la ma\u00f1ana en Cambrils (Tarragona). El Ayuntamiento ha descubierto un memorial por la paz justo en el lugar de los hechos, en una ceremonia a la que asistieron representantes de todas las administraciones. La tregua pol\u00edtica por el aniversario, sin embargo, ha durado poco y algunos dirigentes se han intercambiado reproches.Seguir leyendo.<br \/>\nVia: <a href=\"https:\/\/elpais.com\/ccaa\/2018\/08\/18\/catalunya\/1534581171_143768.html#?ref=rss&#038;format=simple&#038;link=link\" target=\"_blank\">Torra y Albiol discuten minutos antes de empezar el homenaje a las v\u00edctimas en Cambrils<\/a><\/p>\n","protected":false},"excerpt":{"rendered":"<p>El rosario de actos en recuerdo de los atentados terroristas del a\u00f1o pasado en Catalu\u00f1a ha finalizado este s\u00e1bado por la ma\u00f1ana en Cambrils (Tarragona). El Ayuntamiento ha descubierto un memorial por la paz justo en el lugar de los hechos, en una ceremonia a la que asistieron representantes de [&hellip;]<\/p>\n","protected":false},"author":2,"featured_media":0,"comment_status":"open","ping_status":"closed","sticky":false,"template":"","format":"standard","meta":{"footnotes":""},"categories":[6],"tags":[],"class_list":["post-54601","post","type-post","status-publish","format-standard","hentry","category-spanish"],"_links":{"self":[{"href":"https:\/\/theworldwidejournal.com\/index.php?rest_route=\/wp\/v2\/posts\/54601","targetHints":{"allow":["GET"]}}],"collection":[{"href":"https:\/\/theworldwidejournal.com\/index.php?rest_route=\/wp\/v2\/posts"}],"about":[{"href":"https:\/\/theworldwidejournal.com\/index.php?rest_route=\/wp\/v2\/types\/post"}],"author":[{"embeddable":true,"href":"https:\/\/theworldwidejournal.com\/index.php?rest_route=\/wp\/v2\/users\/2"}],"replies":[{"embeddable":true,"href":"https:\/\/theworldwidejournal.com\/index.php?rest_route=%2Fwp%2Fv2%2Fcomments&post=54601"}],"version-history":[{"count":0,"href":"https:\/\/theworldwidejournal.com\/index.php?rest_route=\/wp\/v2\/posts\/54601\/revisions"}],"wp:attachment":[{"href":"https:\/\/theworldwidejournal.com\/index.php?rest_route=%2Fwp%2Fv2%2Fmedia&parent=54601"}],"wp:term":[{"taxonomy":"category","embeddable":true,"href":"https:\/\/theworldwidejournal.com\/index.php?rest_route=%2Fwp%2Fv2%2Fcategories&post=54601"},{"taxonomy":"post_tag","embeddable":true,"href":"https:\/\/theworldwidejournal.com\/index.php?rest_route=%2Fwp%2Fv2%2Ftags&post=54601"}],"curies":[{"name":"wp","href":"https:\/\/api.w.org\/{rel}","templated":true}]}}