{"id":54603,"date":"2018-08-18T14:05:03","date_gmt":"2018-08-18T12:05:03","guid":{"rendered":"https:\/\/theworldwidejournal.com\/2018\/08\/18\/defensa-investiga-a-los-cinco-militares-en-la-reserva-que-firmaron-el-manifiesto-que-exaltaba-a-franco\/"},"modified":"2018-08-18T14:05:03","modified_gmt":"2018-08-18T12:05:03","slug":"defensa-investiga-a-los-cinco-militares-en-la-reserva-que-firmaron-el-manifiesto-que-exaltaba-a-franco","status":"publish","type":"post","link":"https:\/\/theworldwidejournal.com\/?p=54603","title":{"rendered":"Defensa investiga a los cinco militares en la reserva que firmaron el manifiesto que exaltaba a Franco"},"content":{"rendered":"<p>El Ministerio de Defensa ha abierto una investigaci\u00f3n sobre los cinco militares en la reserva que se encuentran entre las m\u00e1s de cien personas que han firmado un manifiesto\u00a0reivindicativo de la &#8220;figura militar&#8221; del\u00a0dictador Francisco Franco,\u00a0que en 1936 se sublev\u00f3 contra el Gobierno leg\u00edtimo de la II Rep\u00fablica y dirigi\u00f3 en Espa\u00f1a una dictadura durante casi 40 a\u00f1os, hasta el d\u00eda de su muerte, el 20 de noviembre de 1975.\u00a0El Ministerio ha emitido un comunicado en el que subraya que Defensa &#8220;ensalza la Constituci\u00f3n y los valores que en ella se recogen&#8221;. &#8220;Este Ministerio no va a consentir que se arroje la m\u00e1s m\u00ednima sombra de duda al respecto&#8221;, prosigue el comunicado, en el que asegura que los firmantes del escrito, salvo cinco de ellos, &#8220;no tienen ninguna vinculaci\u00f3n profesional&#8221; con Defensa.Seguir leyendo.<br \/>\nVia: <a href=\"https:\/\/elpais.com\/politica\/2018\/08\/18\/actualidad\/1534591963_820354.html#?ref=rss&#038;format=simple&#038;link=link\" target=\"_blank\">Defensa investiga a los cinco militares en la reserva que firmaron el manifiesto que exaltaba a Franco<\/a><\/p>\n","protected":false},"excerpt":{"rendered":"<p>El Ministerio de Defensa ha abierto una investigaci\u00f3n sobre los cinco militares en la reserva que se encuentran entre las m\u00e1s de cien personas que han firmado un manifiesto\u00a0reivindicativo de la &#8220;figura militar&#8221; del\u00a0dictador Francisco Franco,\u00a0que en 1936 se sublev\u00f3 contra el Gobierno leg\u00edtimo de la II Rep\u00fablica y dirigi\u00f3 [&hellip;]<\/p>\n","protected":false},"author":2,"featured_media":0,"comment_status":"open","ping_status":"closed","sticky":false,"template":"","format":"standard","meta":{"footnotes":""},"categories":[6],"tags":[],"class_list":["post-54603","post","type-post","status-publish","format-standard","hentry","category-spanish"],"_links":{"self":[{"href":"https:\/\/theworldwidejournal.com\/index.php?rest_route=\/wp\/v2\/posts\/54603","targetHints":{"allow":["GET"]}}],"collection":[{"href":"https:\/\/theworldwidejournal.com\/index.php?rest_route=\/wp\/v2\/posts"}],"about":[{"href":"https:\/\/theworldwidejournal.com\/index.php?rest_route=\/wp\/v2\/types\/post"}],"author":[{"embeddable":true,"href":"https:\/\/theworldwidejournal.com\/index.php?rest_route=\/wp\/v2\/users\/2"}],"replies":[{"embeddable":true,"href":"https:\/\/theworldwidejournal.com\/index.php?rest_route=%2Fwp%2Fv2%2Fcomments&post=54603"}],"version-history":[{"count":0,"href":"https:\/\/theworldwidejournal.com\/index.php?rest_route=\/wp\/v2\/posts\/54603\/revisions"}],"wp:attachment":[{"href":"https:\/\/theworldwidejournal.com\/index.php?rest_route=%2Fwp%2Fv2%2Fmedia&parent=54603"}],"wp:term":[{"taxonomy":"category","embeddable":true,"href":"https:\/\/theworldwidejournal.com\/index.php?rest_route=%2Fwp%2Fv2%2Fcategories&post=54603"},{"taxonomy":"post_tag","embeddable":true,"href":"https:\/\/theworldwidejournal.com\/index.php?rest_route=%2Fwp%2Fv2%2Ftags&post=54603"}],"curies":[{"name":"wp","href":"https:\/\/api.w.org\/{rel}","templated":true}]}}