{"id":54605,"date":"1970-01-01T01:00:00","date_gmt":"1970-01-01T00:00:00","guid":{"rendered":"https:\/\/theworldwidejournal.com\/1970\/01\/01\/el-pp-pide-al-gobierno-que-responda-a-la-amenaza-de-torra-de-atacar-al-estado\/"},"modified":"1970-01-01T01:00:00","modified_gmt":"1970-01-01T00:00:00","slug":"el-pp-pide-al-gobierno-que-responda-a-la-amenaza-de-torra-de-atacar-al-estado","status":"publish","type":"post","link":"https:\/\/theworldwidejournal.com\/?p=54605","title":{"rendered":"El PP pide al Gobierno que \u00abresponda\u00bb a la amenaza de Torra de \u00abatacar\u00bb al Estado"},"content":{"rendered":"<p>El l\u00edder del PP, Pablo Casado, pidi\u00f3 hoy s\u00e1bado al presidente del Gobierno, Pedro S\u00e1nchez, que explique \u00abc\u00f3mo va a responder\u00bb a las declaraciones realizadas este viernes por el presidente de la Generalitat, Quim Torra, frente a la prisi\u00f3n de Lledoners (Barcelona), donde emplaz\u00f3 a los independentistas a \u00abatacar al Estado\u00bb. En un acto organizado ayer por las entidades soberanistas junto a la c\u00e1rcel de Lledoners, coincidiendo con el primer aniversario de los atentados del 17-A, el presidente catal\u00e1n afirm\u00f3 que el Govern que lidera sabe que \u00ablucha por una causa justa, por un pa\u00eds que lucha por la democracia y la libertad\u00bb, y asever\u00f3: \u00abNo vamos a defendernos, vamos a atacar a este Estado injusto\u00bb. Este s\u00e1bado en Cambrils, al t\u00e9rmino del homenaje celebrado en recuerdo de las v\u00edctimas del 17-A, Casado ha dicho que desde el PP deb\u00edan \u00abrechazar\u00bb estas declaraciones de Torra. El l\u00edder de los populares ha asegurado que S\u00e1nchez debe dar cuenta de \u00abqu\u00e9 mecanismos va a utilizar para que no haya m\u00e1s ataques al Rey ni a los partidos constitucionalistas\u00bb. \u00abNo vamos a tolerar este tipo de ataques, vamos a defender las instituciones, la concordia y la ley en esta tierra\u00bb, a\u00f1adi\u00f3. Casado ha exigido a la Generalitat \u00abque deje de amenazar a las instituciones\u00bb. Su partido \u00abva a estar defendiendo a Espa\u00f1a frente a cualquier amenaza\u00bb. Encontronazo con Torra El l\u00edder del PP de Catalu\u00f1a, Xavier Garc\u00eda Albiol, tambi\u00e9n ha participado esta ma\u00f1ana en el acto de Cambrils, y antes, a trav\u00e9s de Twitter, pidi\u00f3 al Gobierno que \u00abresponda\u00bb a la \u00abamenaza\u00bb que lanz\u00f3 ayer el presidente catal\u00e1n. El dirigente popular ha aprovechado el acto de hoy, en el que estaba presente Quim Torra, para reprocharle sus palabras. En su comparecencia ante los medios de comunicaci\u00f3n, Albiol explic\u00f3 el encontronazo que tuvo antes del homenaje con Torra y que fue presenciado por algunos periodistas, que vieron c\u00f3mo el l\u00edder de los populares hablaba con el presidente catal\u00e1n y \u00e9ste se marchaba luego aparentemente airado. El responsable del PP catal\u00e1n relat\u00f3 que, en este \u00abcambio de impresiones\u00bb, hab\u00eda censurado a Torra su politizaci\u00f3n de los homenajes del 17-A. \u00abLe he recriminado que desde su cargo institucional deb\u00eda tener otro tipo de comportamiento especialmente en acontecimientos como los que hemos vivido en las \u00faltimas horas\u00bb, afirm\u00f3 Albiol. Seg\u00fan el dirigente popular, traslad\u00f3 al presidente catal\u00e1n sus \u00abinadmisibles\u00bb e \u00abinaceptables\u00bb declaraciones de este viernes \u00abamenazando al Estado\u00bb, en referencia a lo que manifest\u00f3 el presidente auton\u00f3mico a las puertas de la c\u00e1rcel de Lledoners. Torra insiste En una entrevista en TV3, el presidente de la Generalitat ha explicado que Garc\u00eda Albiol le ha \u00abinterpelado\u00bb en Cambrils, pese a que \u00abno era el momento de hacerlo\u00bb, al tratarse de un acto de homenaje a las v\u00edctimas del terrorismo. \u00abEra un momento de recogimiento, de silencio, de acompa\u00f1ar a las v\u00edctimas. No era el momento de hacer esa interpelaci\u00f3n\u00bb, ha incidido Torra. El presidente catal\u00e1n ha aclarado asimismo el origen de sus pol\u00e9micas afirmaciones y ha dicho que hizo suyo un escrito publicado por el presidente de \u00d2mnium Cultural, Jordi Cuixart, coincidiendo con sus 300 d\u00edas de \u00abinjusto\u00bb encarcelamiento. \u00abPublic\u00f3 una carta a los socios de \u00d2mnium en la que expresaba la idea\u00bb de que en el juicio al soberanismo \u00abnosotros no tenemos que ir a defender nada\u00bb, ya que \u00abEuropa ya nos ha dado la raz\u00f3n de que este juicio es una farsa\u00bb. \u00abLa causa general que se ha instruido contra el independentismo es una causa profundamente injusta, y esto es que lo quer\u00edamos decir con esta expresi\u00f3n que dijo Jordi Cuixart y que hago m\u00eda\u00bb, ha declarado Torra. El presidente catal\u00e1n ha a\u00f1adido que por eso pidi\u00f3 ayer a la ciudadan\u00eda que inicie una marcha simb\u00f3lica por \u00ablos derechos civiles, sociales y nacionales\u00bb de Catalu\u00f1a.<br \/>\nVia: <a href=\"https:\/\/www.abc.es\/espana\/abci-pp-pide-gobierno-responda-amenaza-torra-atacar-estado-espanol-201808181228_noticia.html\" target=\"_blank\">El PP pide al Gobierno que \u00abresponda\u00bb a la amenaza de Torra de \u00abatacar\u00bb al Estado<\/a><\/p>\n","protected":false},"excerpt":{"rendered":"<p>El l\u00edder del PP, Pablo Casado, pidi\u00f3 hoy s\u00e1bado al presidente del Gobierno, Pedro S\u00e1nchez, que explique \u00abc\u00f3mo va a responder\u00bb a las declaraciones realizadas este viernes por el presidente de la Generalitat, Quim Torra, frente a la prisi\u00f3n de Lledoners (Barcelona), donde emplaz\u00f3 a los independentistas a \u00abatacar al [&hellip;]<\/p>\n","protected":false},"author":2,"featured_media":54606,"comment_status":"open","ping_status":"closed","sticky":false,"template":"","format":"standard","meta":{"footnotes":""},"categories":[6],"tags":[],"class_list":["post-54605","post","type-post","status-publish","format-standard","has-post-thumbnail","hentry","category-spanish"],"_links":{"self":[{"href":"https:\/\/theworldwidejournal.com\/index.php?rest_route=\/wp\/v2\/posts\/54605","targetHints":{"allow":["GET"]}}],"collection":[{"href":"https:\/\/theworldwidejournal.com\/index.php?rest_route=\/wp\/v2\/posts"}],"about":[{"href":"https:\/\/theworldwidejournal.com\/index.php?rest_route=\/wp\/v2\/types\/post"}],"author":[{"embeddable":true,"href":"https:\/\/theworldwidejournal.com\/index.php?rest_route=\/wp\/v2\/users\/2"}],"replies":[{"embeddable":true,"href":"https:\/\/theworldwidejournal.com\/index.php?rest_route=%2Fwp%2Fv2%2Fcomments&post=54605"}],"version-history":[{"count":0,"href":"https:\/\/theworldwidejournal.com\/index.php?rest_route=\/wp\/v2\/posts\/54605\/revisions"}],"wp:featuredmedia":[{"embeddable":true,"href":"https:\/\/theworldwidejournal.com\/index.php?rest_route=\/wp\/v2\/media\/54606"}],"wp:attachment":[{"href":"https:\/\/theworldwidejournal.com\/index.php?rest_route=%2Fwp%2Fv2%2Fmedia&parent=54605"}],"wp:term":[{"taxonomy":"category","embeddable":true,"href":"https:\/\/theworldwidejournal.com\/index.php?rest_route=%2Fwp%2Fv2%2Fcategories&post=54605"},{"taxonomy":"post_tag","embeddable":true,"href":"https:\/\/theworldwidejournal.com\/index.php?rest_route=%2Fwp%2Fv2%2Ftags&post=54605"}],"curies":[{"name":"wp","href":"https:\/\/api.w.org\/{rel}","templated":true}]}}