{"id":54609,"date":"1970-01-01T01:00:00","date_gmt":"1970-01-01T00:00:00","guid":{"rendered":"https:\/\/theworldwidejournal.com\/1970\/01\/01\/el-rifirrafe-entre-albiol-y-torra-desluce-los-actos-de-homenaje-de-cambrils\/"},"modified":"1970-01-01T01:00:00","modified_gmt":"1970-01-01T00:00:00","slug":"el-rifirrafe-entre-albiol-y-torra-desluce-los-actos-de-homenaje-de-cambrils","status":"publish","type":"post","link":"https:\/\/theworldwidejournal.com\/?p=54609","title":{"rendered":"El rifirrafe entre Albiol y Torra desluce los actos de homenaje de Cambrils"},"content":{"rendered":"<p>El l\u00edder del PP de Catalu\u00f1a, Xavier Garc\u00eda Albiol, ha participado esta ma\u00f1ana en los actos de homenaje a las v\u00edctimas de los atentados de Cambrils y Barcelona, donde le ha reprochado al presidente de la Generalitat, Quim Torra, su politizaci\u00f3n de la conmemoraci\u00f3n. En una comparecencia ante los medios de comunicaci\u00f3n, Albiol explic\u00f3 el encontronazo que tuvo antes del homenaje con Torra y que fue presenciado por algunos periodistas, que vieron c\u00f3mo el l\u00edder de los populares hablaba con el presidente catal\u00e1n y \u00e9ste se marchaba luego aparentemente airado. El responsable del PP catal\u00e1n relat\u00f3 que, en este \u00abcambio de impresiones\u00bb, hab\u00eda censurado a Torra su politizaci\u00f3n de los homenajes del 17-A. \u00abLe he recriminado que desde su cargo institucional deb\u00eda tener otro tipo de comportamiento especialmente en acontecimientos como los que hemos vivido en las \u00faltimas horas\u00bb, afirm\u00f3 Albiol. Seg\u00fan el dirigente popular, traslad\u00f3 al presidente catal\u00e1n sus \u00abinadmisibles\u00bb e \u00abinaceptables\u00bb declaraciones de este viernes \u00abamenazando al Estado\u00bb, en referencia a lo que manifest\u00f3 el presidente auton\u00f3mico a las puertas de la c\u00e1rcel de Lledoners. En una entrevista en TV3, el presidente de la Generalitat ha explicado que Garc\u00eda Albiol le ha \u00abinterpelado\u00bb, pese a que \u00abno era el momento de hacerlo\u00bb, al tratarse de un acto de homenaje a las v\u00edctimas del terrorismo. \u00abEra un momento de recogimiento, de silencio, de acompa\u00f1ar a las v\u00edctimas. No era el momento de hacer esa interpelaci\u00f3n\u00bb, ha incidido Torra. Agradecimiento a polic\u00eda y emergencias Al margen de esto, Cambrils ha rendido hoy homenaje a las v\u00edctimas de los atentados terroristas del 17A y ha agradecido la labor que realizaron ese d\u00eda las fuerzas policiales y los equipos de emergencias. \u00abCambrils es tierra de paz, acogida y solidaridad\u00bb, ha afirmado la alcaldesa del municipio, Cam\u00ed Mendoza, durante el acto de conmemoraci\u00f3n de los atentados yihadistas que hace un a\u00f1o causaron quince muertos en Barcelona y uno en Cambrils, al que han asistido un millar de personas y numerosas autoridades, como el presidente de la Generalitat, Quim Torra; la delegada del Gobierno en Catalu\u00f1a, Teresa Cunillera; las ministras Meritxell Batet y Reyes Maroto y el presidente del PP, Pablo Casado. \ud83c\udfa5 Les autoritats pol\u00edtiques realitzen el descobriment del Memorial per la Pau @Cami_Cambrils @quimtorra @meritxell_batet @perearagones #Cambrilsinforma #Cambrils #totsSomCambrils #atemptats pic.twitter.com\/deCPzeneII&mdash; Ajuntament Cambrils (@ajcambrils) 18 de agosto de 2018 Mendoza, la \u00fanica autoridad que ha tomado la palabra en el acto, que se ha celebrado frente al Club N\u00e1utico, donde los terroristas atropellaron a la multitud que caminaba por la zona, ha destacado que estos hechos tr\u00e1gicos \u00abno cambiar\u00e1n la voluntad de la sociedad de apostar por la convivencia y la democracia\u00bb y que \u00e9sta no caer\u00e1 \u00aben el discurso del miedo y el odio\u00bb. \u00abTenemos que seguir caminando y seguir construyendo una sociedad mejor\u00bb, ha remarcado la alcaldesa, que ha querido reconocer la \u00abejemplar actuaci\u00f3n\u00bb que realizaron tras los atentados las fuerzas y cuerpos de seguridad y emergencias. Mendoza ha hecho una \u00abmenci\u00f3n especial\u00bb al mayor de los Mossos d&#8217;Esquadra Josep Llu\u00eds Trapero y al exconseller de Interior Joaquim Forn por la gesti\u00f3n de estos atentados, lo que ha provocado los aplausos de algunos de los presentes en el acto. Torra, por su parte, se ha sumado al agradecimiento a las fuerzas de seguridad y ha querido ensalzar el \u00abejemplo\u00bb de \u00absolidaridad y de fraternidad\u00bb. que dieron los vecinos de Cambrils tras los atentados del 17-A. \u00abSolo seremos pueblo\u00bb si \u00abavanzamos en esta v\u00eda\u00bb, ha dicho. El mitin independentista En un tono muy diferente al que utiliz\u00f3 ayer en el acto frente a la prisi\u00f3n de Lledoners, supuesto homenaje a las v\u00edctimas que deriv\u00f3 el mitin independentista, Torra ha mantenido este s\u00e1bado un perfil m\u00e1s institucional y se ha limitado ponerse una vez m\u00e1s al servicio de las v\u00edctimas. \u00abSi en alg\u00fan momento os hemos fallado o no hemos podido dar todas las satisfacciones, estamos a vuestra disposici\u00f3n, porque lo m\u00e1s importante de un pa\u00eds es tener cuidado de su gente\u00bb, ha precisado. Minutos m\u00e1s tarde, en una entrevista en TV3, Torra s\u00ed que se ha referido al pol\u00e9mico discurso que pronunci\u00f3 ayer frente a la c\u00e1rcel de Lledoners, donde lanz\u00f3 proclamas como \u00abvamos a atacar a este Estado injusto\u00bb, para atribuir la cita al presidente de \u00d2mnium Cultural, Jordi Cuixart. \u00abTenemos que hacer una marcha simb\u00f3lica por nuestros derechos civiles. No podemos dejar que esta farsa se imponga a los valores que nos hacen pueblo\u00bb, ha repetido Torra. Con todo, el presiente catal\u00e1n ha querido subrayar que, durante estos d\u00edas, se ha hecho todo lo posible por centrarse en las v\u00edctimas. \u00abMe quedo con la imagen del esp\u00edritu de paz de estos d\u00edas, tanto en Ripoll, en Barcelona como en Cambrils. Todos hemos puesto el acento en recordar lo que era importante estos d\u00edas: acompa\u00f1ar a las v\u00edctimas en su duelo y poner en valor y homenajear a los cuerpos de seguridad que demostraron una excelencia en su trabajo\u00bb, ha dicho.<br \/>\nVia: <a href=\"https:\/\/www.abc.es\/espana\/abci-cambrils-recuerda-victimas-17-a-unamencion-especial-para-forn-y-trapero-201808181155_noticia.html\" target=\"_blank\">El rifirrafe entre Albiol y Torra desluce los actos de homenaje de Cambrils<\/a><\/p>\n","protected":false},"excerpt":{"rendered":"<p>El l\u00edder del PP de Catalu\u00f1a, Xavier Garc\u00eda Albiol, ha participado esta ma\u00f1ana en los actos de homenaje a las v\u00edctimas de los atentados de Cambrils y Barcelona, donde le ha reprochado al presidente de la Generalitat, Quim Torra, su politizaci\u00f3n de la conmemoraci\u00f3n. En una comparecencia ante los medios [&hellip;]<\/p>\n","protected":false},"author":2,"featured_media":54610,"comment_status":"open","ping_status":"closed","sticky":false,"template":"","format":"standard","meta":{"footnotes":""},"categories":[6],"tags":[],"class_list":["post-54609","post","type-post","status-publish","format-standard","has-post-thumbnail","hentry","category-spanish"],"_links":{"self":[{"href":"https:\/\/theworldwidejournal.com\/index.php?rest_route=\/wp\/v2\/posts\/54609","targetHints":{"allow":["GET"]}}],"collection":[{"href":"https:\/\/theworldwidejournal.com\/index.php?rest_route=\/wp\/v2\/posts"}],"about":[{"href":"https:\/\/theworldwidejournal.com\/index.php?rest_route=\/wp\/v2\/types\/post"}],"author":[{"embeddable":true,"href":"https:\/\/theworldwidejournal.com\/index.php?rest_route=\/wp\/v2\/users\/2"}],"replies":[{"embeddable":true,"href":"https:\/\/theworldwidejournal.com\/index.php?rest_route=%2Fwp%2Fv2%2Fcomments&post=54609"}],"version-history":[{"count":0,"href":"https:\/\/theworldwidejournal.com\/index.php?rest_route=\/wp\/v2\/posts\/54609\/revisions"}],"wp:featuredmedia":[{"embeddable":true,"href":"https:\/\/theworldwidejournal.com\/index.php?rest_route=\/wp\/v2\/media\/54610"}],"wp:attachment":[{"href":"https:\/\/theworldwidejournal.com\/index.php?rest_route=%2Fwp%2Fv2%2Fmedia&parent=54609"}],"wp:term":[{"taxonomy":"category","embeddable":true,"href":"https:\/\/theworldwidejournal.com\/index.php?rest_route=%2Fwp%2Fv2%2Fcategories&post=54609"},{"taxonomy":"post_tag","embeddable":true,"href":"https:\/\/theworldwidejournal.com\/index.php?rest_route=%2Fwp%2Fv2%2Ftags&post=54609"}],"curies":[{"name":"wp","href":"https:\/\/api.w.org\/{rel}","templated":true}]}}