{"id":54643,"date":"2018-08-18T16:36:40","date_gmt":"2018-08-18T14:36:40","guid":{"rendered":"https:\/\/theworldwidejournal.com\/2018\/08\/18\/donald-trump-denonce-la-censure-de-voix-de-lultradroite-sur-les-reseaux-sociaux\/"},"modified":"2018-08-18T16:36:40","modified_gmt":"2018-08-18T14:36:40","slug":"donald-trump-denonce-la-censure-de-voix-de-lultradroite-sur-les-reseaux-sociaux","status":"publish","type":"post","link":"https:\/\/theworldwidejournal.com\/?p=54643","title":{"rendered":"Donald Trump d\u00e9nonce la \u00abcensure\u00bb de voix de l&#8217;ultradroite sur les r\u00e9seaux sociaux"},"content":{"rendered":"<p>Si le pr\u00e9sident am\u00e9ricain ne mentionne \u00e0 aucun moment son nom, cette salve de tweets smaedi intervient apr\u00e8s l\u2019offensive lanc\u00e9e la semaine derni\u00e8re par des g\u00e9ants d\u2019internet contre le conspirationniste am\u00e9ricain Alex Jones, priv\u00e9 d\u2019acc\u00e8s aux plateformes Facebook et Spotify notamment.<br \/>\nVia: <a href=\"http:\/\/www.liberation.fr\/planete\/2018\/08\/18\/donald-trump-denonce-la-censure-de-voix-de-l-ultradroite-sur-les-reseaux-sociaux_1673323?xtor=rss-450\" target=\"_blank\">Donald Trump d\u00e9nonce la \u00abcensure\u00bb de voix de l&#8217;ultradroite sur les r\u00e9seaux sociaux<\/a><\/p>\n","protected":false},"excerpt":{"rendered":"<p>Si le pr\u00e9sident am\u00e9ricain ne mentionne \u00e0 aucun moment son nom, cette salve de tweets smaedi intervient apr\u00e8s l\u2019offensive lanc\u00e9e la semaine derni\u00e8re par des g\u00e9ants d\u2019internet contre le conspirationniste am\u00e9ricain Alex Jones, priv\u00e9 d\u2019acc\u00e8s aux plateformes Facebook et Spotify notamment. Via: Donald Trump d\u00e9nonce la \u00abcensure\u00bb de voix de [&hellip;]<\/p>\n","protected":false},"author":2,"featured_media":0,"comment_status":"open","ping_status":"closed","sticky":false,"template":"","format":"standard","meta":{"footnotes":""},"categories":[4],"tags":[],"class_list":["post-54643","post","type-post","status-publish","format-standard","hentry","category-french"],"_links":{"self":[{"href":"https:\/\/theworldwidejournal.com\/index.php?rest_route=\/wp\/v2\/posts\/54643","targetHints":{"allow":["GET"]}}],"collection":[{"href":"https:\/\/theworldwidejournal.com\/index.php?rest_route=\/wp\/v2\/posts"}],"about":[{"href":"https:\/\/theworldwidejournal.com\/index.php?rest_route=\/wp\/v2\/types\/post"}],"author":[{"embeddable":true,"href":"https:\/\/theworldwidejournal.com\/index.php?rest_route=\/wp\/v2\/users\/2"}],"replies":[{"embeddable":true,"href":"https:\/\/theworldwidejournal.com\/index.php?rest_route=%2Fwp%2Fv2%2Fcomments&post=54643"}],"version-history":[{"count":0,"href":"https:\/\/theworldwidejournal.com\/index.php?rest_route=\/wp\/v2\/posts\/54643\/revisions"}],"wp:attachment":[{"href":"https:\/\/theworldwidejournal.com\/index.php?rest_route=%2Fwp%2Fv2%2Fmedia&parent=54643"}],"wp:term":[{"taxonomy":"category","embeddable":true,"href":"https:\/\/theworldwidejournal.com\/index.php?rest_route=%2Fwp%2Fv2%2Fcategories&post=54643"},{"taxonomy":"post_tag","embeddable":true,"href":"https:\/\/theworldwidejournal.com\/index.php?rest_route=%2Fwp%2Fv2%2Ftags&post=54643"}],"curies":[{"name":"wp","href":"https:\/\/api.w.org\/{rel}","templated":true}]}}