{"id":54675,"date":"1970-01-01T01:00:00","date_gmt":"1970-01-01T00:00:00","guid":{"rendered":"https:\/\/theworldwidejournal.com\/1970\/01\/01\/los-diputados-catalanes-amplian-sus-vacaciones-hasta-octubre\/"},"modified":"1970-01-01T01:00:00","modified_gmt":"1970-01-01T00:00:00","slug":"los-diputados-catalanes-amplian-sus-vacaciones-hasta-octubre","status":"publish","type":"post","link":"https:\/\/theworldwidejournal.com\/?p=54675","title":{"rendered":"Los diputados catalanes ampl\u00edan sus vacaciones hasta octubre"},"content":{"rendered":"<p>El sueldo y las vacaciones de los diputados espa\u00f1oles, nacionales y auton\u00f3micos, son objeto de debate recurrente en Espa\u00f1a. Cada vez que llega la Navidad o la \u00e9poca de est\u00edo, los trabajadores por cuenta ajena comparan sus 30 d\u00edas al a\u00f1o de descanso con el cierre de dos meses que se produce en los parlamentos de toda Espa\u00f1a en verano -julio y agosto- y de otro mes en invierno -enero-. En total, tres meses al a\u00f1o sin plenos ordinarios en los que no se incluyen los par\u00e9ntesis por Semana Santa, festivos, elecciones auton\u00f3micas, locales o europeas. Sin embargo, este a\u00f1o a la Mesa del Parlament catal\u00e1n la pausa veraniega no le ha parecido suficiente y ha decidido tambi\u00e9n liberar el mes de septiembre de sesiones parlamentarias. Motivos pol\u00edticos El \u00faltimo pleno del Parlament tuvo lugar a mediados de julio y el pr\u00f3ximo no est\u00e1 previsto hasta el mes de octubre, un cerrojazo a conveniencia de los partidos independentistas para evitar pronunciarse sobre la suspensi\u00f3n de los pol\u00edticos procesados por rebeli\u00f3n. As\u00ed, la c\u00e1mara catalana permanecer\u00e1 oficialmente cerrada hasta el 2 de octubre, cuando se celebrar\u00e1 el debate de pol\u00edtica general. El primer pleno ordinario con sesi\u00f3n de control no llegar\u00e1 hasta el 10 y 11 de octubre, casi tres meses despu\u00e9s de haber bajado la persiana. Y eso que el Reglamento del Parlament establece un periodo de inactividad parlamentaria en verano de tan solo quince d\u00edas, del 1 al 15 de agosto, porque a\u00fan contempla la modificaci\u00f3n realizada el a\u00f1o pasado para acortar el periodo vacacional y poder acelerar la tramitaci\u00f3n de las llamadas leyes de desconexi\u00f3n del 6 y 7 de septiembre. A estos casi tres meses de holganza por el est\u00edo, los diputados catalanes sumar\u00e1n el permiso del mes de enero, igual que el resto de parlamentarios espa\u00f1oles. Cada C\u00e1mara regional es soberana para decidir su actividad dentro de los dos periodos de sesiones que marca la Constituci\u00f3n para las Cortes en su art\u00edulo 73. Un modelo que las comunidades aut\u00f3nomas han replicado el modelo para sus parlamentos. Tambi\u00e9n existe autorregulaci\u00f3n en el caso de los sueldos de los parlamentarios, con variaciones de m\u00e1s de 3.500 euros mensuales entre lo que recibe un diputado de un autonom\u00eda u otra, por el mismo trabajo. No obstante, la ampliaci\u00f3n de las vacaciones veraniegas aprobada por el Parlament catal\u00e1n no se replicar\u00e1 en ning\u00fan otro parlamento auton\u00f3mico ni tampoco en el Congreso o el Senado, que retomar\u00e1n plenamente su actividad en septiembre. Es m\u00e1s, la t\u00f3nica que vienen aplicando la mayor\u00eda de las c\u00e1maras territoriales es la inversa: reducir los periodos libres de sesiones introduciendo Plenos extraordinarios y aumentando la actividad de las comisiones. As\u00ed est\u00e1n pasando el verano los diputados de los distintos parlamentos auton\u00f3micos: Madrid: dos Plenos extraordinarios en verano En el Parlamento regional madrile\u00f1o, este a\u00f1o las vacaciones han comenzado m\u00e1s tarde de lo habitual: a mediados de julio. L\u00f3gico, si se tiene en cuenta lo poco convencional que ha sido el a\u00f1o, en el que incluso cambi\u00f3 la presidencia, tras la dimisi\u00f3n de Cristina Cifuentes. El reglamento de la Asamblea madrile\u00f1a establece que han de celebrarse al menos tres plenos cada mes, dentro de los periodos ordinarios de sesiones. Pero en esta ocasi\u00f3n, el periodo h\u00e1bil de la C\u00e1mara regional se ha prolongado durante otras dos semanas, con sendos plenos extraordinarios que tuvieron lugar los d\u00edas 5 y 12 de julio. Lo que s\u00ed queda paralizado durante el verano son las comisiones parlamentarias -este a\u00f1o-. En el caso de los diputados regionales madrile\u00f1os, la \u00abvuelta a clase\u00bb la tendr\u00e1n en septiembre: este mes vuelve a ser h\u00e1bil y habr\u00e1 plenos desde el d\u00eda 6. Adem\u00e1s, el 13 y 14 de ese mes est\u00e1 ya programado el pleno extraordinario de Debate sobre el Estado de la Regi\u00f3n. Andaluc\u00eda: cobrando dietas en verano El Parlamento andaluz es un p\u00e1ramo desde finales de julio. La \u00faltima comisi\u00f3n se celebr\u00f3, de manera extraordinaria, el 31 de julio. Desde entonces no ha habido comisiones ordinarias pero se reanudar\u00e1n el d\u00eda 30. El pasado jueves se reuni\u00f3 la Comisi\u00f3n Permanente, el \u00f3rgano que hace las funciones del Parlamento cuando est\u00e1 de vacaciones, para poner fecha a algunas comparecencias solicitadas por la oposici\u00f3n. Pero el curso pol\u00edtico en el Sal\u00f3n de Plenos se cerr\u00f3 oficialmente el 19 de julio. Desde entonces hasta mediados de septiembre (la fecha est\u00e1 a\u00fan por determinar), los 109 diputados auton\u00f3micos no volver\u00e1n a ocupar sus esca\u00f1os. Que no haya plenos no significa que los diputados andaluces no cobren dietas. A pesar de que agosto es un mes improductivo, los parlamentarios perciben indemnizaciones por desplazamientos que no van a realizar y cobran complementos por asistencia a las comisiones que no se celebrar\u00e1n, pudiendo ingresar hasta 2.500 euros al mes por un trabajo que no har\u00e1n. El sueldo va aparte. Castilla y Le\u00f3n: habilitando julio Las sesiones volver\u00e1n al hemiciclo en septiembre, despu\u00e9s de haberse despedido a finales de junio con el Debate sobre el Estado de la Comunidad. Aunque en el Parlamento regional s\u00ed ha habido actividad estival. Como viene siendo habitual desde que lleg\u00f3 la crisis y para dar \u00abejemplo\u00bb, sus se\u00f1or\u00edas tienen por costumbre habilitar julio para avanzar en parte sus trabajos, por ejemplo, con comisiones. Este est\u00edo as\u00ed ha sido. Adem\u00e1s, el lunes est\u00e1 previsto que la Mesa y la Junta de Portavoces se sienten para debatir si dos consejeros comparecen en la C\u00e1mara por el caso Enredadera. Durante el periodo de \u00abpar\u00f3n\u00bb \u00fanicamente quienes est\u00e1n liberados siguen cobrando, pues en las Cortes de Castilla y Le\u00f3n no todos los parlamentarios tienen dedicaci\u00f3n exclusiva: s\u00f3lo 25 de los 84 diputados auton\u00f3micos cuentan con sueldo fijo y el resto perciben dietas por asistencia a plenos y comisiones. Galicia: abri\u00f3 hasta el 31 de julio Agosto es el mes elegido por los diputados gallegos para retirarse de vacaciones, aunque ha sido en este periodo de sesiones cuando la actividad parlamentaria se ha detenido por completo. En los \u00faltimos a\u00f1os, sol\u00eda ser habitual la convocatoria de un pleno a comienzos&hellip;<br \/>\nVia: <a href=\"https:\/\/www.abc.es\/espana\/abci-diputados-catalanes-amplian-vacaciones-hasta-octubre-201808190253_noticia.html\" target=\"_blank\">Los diputados catalanes ampl\u00edan sus vacaciones hasta octubre<\/a><\/p>\n","protected":false},"excerpt":{"rendered":"<p>El sueldo y las vacaciones de los diputados espa\u00f1oles, nacionales y auton\u00f3micos, son objeto de debate recurrente en Espa\u00f1a. Cada vez que llega la Navidad o la \u00e9poca de est\u00edo, los trabajadores por cuenta ajena comparan sus 30 d\u00edas al a\u00f1o de descanso con el cierre de dos meses que [&hellip;]<\/p>\n","protected":false},"author":2,"featured_media":54676,"comment_status":"open","ping_status":"closed","sticky":false,"template":"","format":"standard","meta":{"footnotes":""},"categories":[6],"tags":[],"class_list":["post-54675","post","type-post","status-publish","format-standard","has-post-thumbnail","hentry","category-spanish"],"_links":{"self":[{"href":"https:\/\/theworldwidejournal.com\/index.php?rest_route=\/wp\/v2\/posts\/54675","targetHints":{"allow":["GET"]}}],"collection":[{"href":"https:\/\/theworldwidejournal.com\/index.php?rest_route=\/wp\/v2\/posts"}],"about":[{"href":"https:\/\/theworldwidejournal.com\/index.php?rest_route=\/wp\/v2\/types\/post"}],"author":[{"embeddable":true,"href":"https:\/\/theworldwidejournal.com\/index.php?rest_route=\/wp\/v2\/users\/2"}],"replies":[{"embeddable":true,"href":"https:\/\/theworldwidejournal.com\/index.php?rest_route=%2Fwp%2Fv2%2Fcomments&post=54675"}],"version-history":[{"count":0,"href":"https:\/\/theworldwidejournal.com\/index.php?rest_route=\/wp\/v2\/posts\/54675\/revisions"}],"wp:featuredmedia":[{"embeddable":true,"href":"https:\/\/theworldwidejournal.com\/index.php?rest_route=\/wp\/v2\/media\/54676"}],"wp:attachment":[{"href":"https:\/\/theworldwidejournal.com\/index.php?rest_route=%2Fwp%2Fv2%2Fmedia&parent=54675"}],"wp:term":[{"taxonomy":"category","embeddable":true,"href":"https:\/\/theworldwidejournal.com\/index.php?rest_route=%2Fwp%2Fv2%2Fcategories&post=54675"},{"taxonomy":"post_tag","embeddable":true,"href":"https:\/\/theworldwidejournal.com\/index.php?rest_route=%2Fwp%2Fv2%2Ftags&post=54675"}],"curies":[{"name":"wp","href":"https:\/\/api.w.org\/{rel}","templated":true}]}}