{"id":54677,"date":"1970-01-01T01:00:00","date_gmt":"1970-01-01T00:00:00","guid":{"rendered":"https:\/\/theworldwidejournal.com\/1970\/01\/01\/el-gobierno-hace-oidos-sordos-a-la-ultima-amenaza-de-torra-al-estado\/"},"modified":"1970-01-01T01:00:00","modified_gmt":"1970-01-01T00:00:00","slug":"el-gobierno-hace-oidos-sordos-a-la-ultima-amenaza-de-torra-al-estado","status":"publish","type":"post","link":"https:\/\/theworldwidejournal.com\/?p=54677","title":{"rendered":"El Gobierno hace o\u00eddos sordos a la \u00faltima amenaza de Torra al Estado"},"content":{"rendered":"<p>El Gobierno ha optado por hacer o\u00eddos sordos a las amenazas del presidente de la Generalitat, Quim Torra, que el viernes por la noche empa\u00f1aron la jornada de recuerdo a las v\u00edctimas de los atentados yihadistas de hace un a\u00f1o en Barcelona y Cambrils. Torra llam\u00f3 a \u00abatacar al Estado\u00bb en un acto del independentismo frente a la c\u00e1rcel de Lledoners, pero el equipo de Pedro S\u00e1nchez evit\u00f3 entrar en la provaci\u00f3n y guard\u00f3 silencio para no emponzo\u00f1ar el homenaje, explicaron desde La Moncloa. El Ejecutivo envi\u00f3 ayer a Cambrils a dos ministras, la responsable de Pol\u00edtica Territorial e interlocutora principal con la Generalitat, Meritxell Batet, y la titular de Industria, Reyes Maroto. Ninguna tom\u00f3 la palabra, tampoco para replicar la \u00faltima bravuconada del presidente catal\u00e1n. \u00abNo es un acto pol\u00edtico\u00bb La consigna de Presidencia fue mantener un perfil bajo, sin declaraciones, evitando el fuego cruzado con Torra en el aniversario del 17-A. \u00abNo es el d\u00eda. Es un aniversario de un atentado terorista y se han celebrado actos en recuerdo y homenaje a las v\u00edctimas. Las ministras no han asistido a un acto pol\u00edtico. No se trata de si el Gobierno responde o no\u00bb, se\u00f1al\u00f3 un portavoz del Ejecutivo socialista, que sigue en parte la estrategia del anterior gobierno de Mariano Rajoy, que aunque s\u00ed deplor\u00f3 el discurso incendiario de los gobernantes separatistas, reconoci\u00f3 que mientras sea en el terreno declarativo no hay margen para actuar. Lo cierto es que la tregua por el aniversario de los atentados del 17-A, si es que la hubo, dur\u00f3 poco: lo que tard\u00f3 el presidente de la Generalitat en subirse al coche oficial y poner rumbo a la prisi\u00f3n de Lledoners (Barcelona), donde la Asamblea Nacional Catalana (ANC) y \u00d2mniun Cultural hab\u00edan convocado su propio homenaje a las v\u00edctimas de los atentados de Barcelona y Cambrils del pasado 17 de agosto. Un tributo que, sin embargo no fue tal: hubo menciones a fallecidos y familiares, pero el objetivo de la concentraci\u00f3n era otro: reivindicar la figura del exconsejero de Interior, Quim Forn, encarcelado de manera provisional por su papel en el \u00abproc\u00e9s\u00bb, y cargar contra el Rey y contra el juez del Supremo, Pablo Llarena. \u00abNo vamos a defendernos, vamos a atacar a este Estado injusto\u00bb, dijo Torra en su particular homenaje a los pol\u00edticos presos. \u00abDebemos iniciar una marcha para recuperar los derechos civiles y pol\u00edticos de este pa\u00eds hasta que sea efectiva la rep\u00fablica\u00bb, insisti\u00f3. Atr\u00e1s quedaban las ofrendas florales, las l\u00e1grimas de los familiares de los v\u00edctimas y el acto en plaza Catalu\u00f1a al que asistieron el Rey, el presidente del Gobierno, Pedro S\u00e1nchez, la alcaldesa de Barcelona, Ada Colau, y el propio Torra. En la inauguraci\u00f3n de los Juegos del Mediterr\u00e1neo en Tarragona, en junio, Torra ya opt\u00f3 por una f\u00f3rmula contradictoria para escenificar lo que \u00e9l mismo anunci\u00f3 como ruptura de relaciones con la Casa Real: no acudi\u00f3 a recibir al Jefe del Estado, pero s\u00ed que le salud\u00f3 y comparti\u00f3 palco con \u00e9l y con S\u00e1nchez. El viernes, Torra dej\u00f3 claro que no quer\u00eda estar al lado de Felipe VI as\u00ed que, para desquitarse, viaj\u00f3 a Lledoners para animar a \u00abatacar al Estado\u00bb. El propio Torra matiz\u00f3 ayer en TV3, que la frase pol\u00e9mica la habr\u00eda sacado de la carta que el l\u00edder de \u00d2mnium, Jordi Cuixart, envi\u00f3 a los socios con motivo de sus 300 d\u00edas en prisi\u00f3n. Pero la diferencia es notable: mientras que Cuixart abogaba por \u00abacusar\u00bb al Estado, Torra opt\u00f3 por una interpretaci\u00f3n m\u00e1s categ\u00f3rica. \u00abNo vamos a defendernos, vamos a atacar a este Estado injusto\u00bb, dijo. Los Reyes assisten al homenaje del 17-A junto al presidente del Gobierno, Pedro S\u00e1nchez y al presidente de la Generalitat, Quim Torra &#8211; EFE PP y Cs exigieron al Gobierno una r\u00e9plica a la altura. El presidente popular, Pablo Casado, exigi\u00f3 en Cambrils a la Generalitat que \u00abdeje de amenazar a las instituciones\u00bb y reclam\u00f3 a S\u00e1nchez que \u00abno solo defienda sino que tambi\u00e9n explique como va a responder a esas amenazas\u00bb con mecanismos jur\u00eddicos, constitucionales y administrativos. \u00abNo vamos a tolerar ese tipo de manifestaciones\u00bb. La diputada de Cs Lorena Rold\u00e1n advirti\u00f3 a S\u00e1nchez de que se est\u00e1 \u00abequivocando de aliados\u00bb y lament\u00f3 que Torra haya aprovechado el dolor de las v\u00edctimas \u00abincluso para decir abiertamente que hay que atacar al Estado\u00bb. El secretario de Organizaci\u00f3n del PSC, Salvador Illa, eludi\u00f3 el \u00faltimo desaf\u00edo de Torra, se\u00f1alando, como el Gobierno, que era un d\u00eda para homenajear a las v\u00edctimas. Su partido, dijo, \u00abno va a entrar en ning\u00fan tipo de controversia\u00bb.<br \/>\nVia: <a href=\"https:\/\/www.abc.es\/espana\/abci-gobierno-hace-oidos-sordos-ultima-amenaza-torra-estado-201808190254_noticia.html\" target=\"_blank\">El Gobierno hace o\u00eddos sordos a la \u00faltima amenaza de Torra al Estado<\/a><\/p>\n","protected":false},"excerpt":{"rendered":"<p>El Gobierno ha optado por hacer o\u00eddos sordos a las amenazas del presidente de la Generalitat, Quim Torra, que el viernes por la noche empa\u00f1aron la jornada de recuerdo a las v\u00edctimas de los atentados yihadistas de hace un a\u00f1o en Barcelona y Cambrils. Torra llam\u00f3 a \u00abatacar al Estado\u00bb [&hellip;]<\/p>\n","protected":false},"author":2,"featured_media":54678,"comment_status":"open","ping_status":"closed","sticky":false,"template":"","format":"standard","meta":{"footnotes":""},"categories":[6],"tags":[],"class_list":["post-54677","post","type-post","status-publish","format-standard","has-post-thumbnail","hentry","category-spanish"],"_links":{"self":[{"href":"https:\/\/theworldwidejournal.com\/index.php?rest_route=\/wp\/v2\/posts\/54677","targetHints":{"allow":["GET"]}}],"collection":[{"href":"https:\/\/theworldwidejournal.com\/index.php?rest_route=\/wp\/v2\/posts"}],"about":[{"href":"https:\/\/theworldwidejournal.com\/index.php?rest_route=\/wp\/v2\/types\/post"}],"author":[{"embeddable":true,"href":"https:\/\/theworldwidejournal.com\/index.php?rest_route=\/wp\/v2\/users\/2"}],"replies":[{"embeddable":true,"href":"https:\/\/theworldwidejournal.com\/index.php?rest_route=%2Fwp%2Fv2%2Fcomments&post=54677"}],"version-history":[{"count":0,"href":"https:\/\/theworldwidejournal.com\/index.php?rest_route=\/wp\/v2\/posts\/54677\/revisions"}],"wp:featuredmedia":[{"embeddable":true,"href":"https:\/\/theworldwidejournal.com\/index.php?rest_route=\/wp\/v2\/media\/54678"}],"wp:attachment":[{"href":"https:\/\/theworldwidejournal.com\/index.php?rest_route=%2Fwp%2Fv2%2Fmedia&parent=54677"}],"wp:term":[{"taxonomy":"category","embeddable":true,"href":"https:\/\/theworldwidejournal.com\/index.php?rest_route=%2Fwp%2Fv2%2Fcategories&post=54677"},{"taxonomy":"post_tag","embeddable":true,"href":"https:\/\/theworldwidejournal.com\/index.php?rest_route=%2Fwp%2Fv2%2Ftags&post=54677"}],"curies":[{"name":"wp","href":"https:\/\/api.w.org\/{rel}","templated":true}]}}