{"id":54747,"date":"1970-01-01T01:00:00","date_gmt":"1970-01-01T00:00:00","guid":{"rendered":"https:\/\/theworldwidejournal.com\/1970\/01\/01\/calvo-minimiza-la-amenaza-de-torra-con-una-frase-inaceptable-no-se-ataca-al-estado-espanol\/"},"modified":"1970-01-01T01:00:00","modified_gmt":"1970-01-01T00:00:00","slug":"calvo-minimiza-la-amenaza-de-torra-con-una-frase-inaceptable-no-se-ataca-al-estado-espanol","status":"publish","type":"post","link":"https:\/\/theworldwidejournal.com\/?p=54747","title":{"rendered":"Calvo minimiza la amenaza de Torra: \u00abCon una frase inaceptable no se ataca al Estado espa\u00f1ol\u00bb"},"content":{"rendered":"<p>La vicepresidenta del Gobierno, Carmen Calvo, ha se\u00f1alado hoy domingo que con una \u00abfrase inaceptable no se ataca al Estado espa\u00f1ol\u00bb, en referencia a las palabras pronunciadas por el presidente catal\u00e1n, Quim Torra, y ha defendido que el Gobierno \u00absabe en tiempo y en forma cu\u00e1les son sus obligaciones constitucionales\u00bb. Durante una concentraci\u00f3n independentista convocada el pasado viernes por la ANC y \u00d2mnium frente a la c\u00e1rcel de Lledoners, en Barcelona, Torra dijo que el Govern que lidera la \u00ablucha por una causa justa, por un pa\u00eds que lucha por la democracia y la libertad\u00bb e inst\u00f3 a \u00abatacar\u00bb al Estado espa\u00f1ol, que calific\u00f3 de \u00abinjusto\u00bb. PP y Cs exigieron al Gobierno una r\u00e9plica a la altura. El presidente popular, Pablo Casado, pidi\u00f3 en Cambrils a la Generalitat que \u00abdeje de amenazar a las instituciones\u00bb y reclam\u00f3 a S\u00e1nchez que \u00abno solo defienda sino que tambi\u00e9n explique como va a responder a esas amenazas\u00bb con mecanismos jur\u00eddicos, constitucionales y administrativos. \u00abNo vamos a tolerar ese tipo de manifestaciones\u00bb. La diputada de Cs Lorena Rold\u00e1n advirti\u00f3 a S\u00e1nchez de que se est\u00e1 \u00abequivocando de aliados\u00bb y lament\u00f3 que Torra haya aprovechado el dolor de las v\u00edctimas \u00abincluso para decir abiertamente que hay que atacar al Estado\u00bb. La respuesta adelantada ayer por el Gobierno a ABC es que mantendr\u00eda un perfil bajo, evitando el fuego cruzado con Torra, y hoy Calvo se ha referido a este asunto p\u00fablicamente. Ha sido en una visita al Museo \u00cdbero de Ja\u00e9n, donde ha pedido \u00aba las derechas espa\u00f1olas, que est\u00e1n en un discurso radical inentendible que le hagan oposici\u00f3n al Gobierno, pero que no le hagan oposici\u00f3n a Espa\u00f1a y a los problemas que Espa\u00f1a tiene\u00bb. Calvo ha apuntado que en 40 a\u00f1os de democracia se han \u00abaprendido muchas cosas\u00bb y \u00abenfrentado problemas grav\u00edsimos\u00bb, de modo que, \u00abfrente a determinadas situaciones, hace falta lealtad y unidad\u00bb. En este sentido, ha dicho que ante \u00abesas actitudes absolutamente inaceptables, el Gobierno sabe cu\u00e1ndo y c\u00f3mo tiene que reaccionar\u00bb, pues \u00abuna frase inaceptable, no es un hecho en el que se ataque a Espa\u00f1a\u00bb. \u00abSe puede entender la radicalidad, lo que no se puede entender es la falta a veces de lealtad y altura de miras para hacer pol\u00edtica con los problemas de nuestro pa\u00eds\u00bb, ha declarado la vicepresidenta, quien ha a\u00f1adido que al Ejecutivo, \u00abpor ejemplo, le preocupa la inactividad del Parlamento de Catalu\u00f1a\u00bb. A su juicio, \u00abel president Torra pr\u00e1cticamente lo que hace es atacarse a s\u00ed mismo cuando tiene un Parlamento que va a estar, por razones inentendibles, inactivo con la representaci\u00f3n tan importante de la ciudadan\u00eda que tiene\u00bb. Cuestionada por si el Gobierno se plantea aplicar el art\u00edculo 155, ha explicado que \u00abcualquier medida constitucional requiere hechos jur\u00eddicos\u00bb, algo que \u00abdijo un d\u00eda el presidente Rajoy, porque gobernaba Espa\u00f1a y sab\u00eda cu\u00e1les eran sus obligaciones\u00bb. \u00abEs una frase inaceptable con la que no se ataca el Estado, porque es una frase. Cuando existan hechos jur\u00eddicos que se puedan atacar jur\u00eddicamente, con instrumentos normales o excepcionales, el Gobierno sabe en tiempo y en forma cu\u00e1les son sus obligaciones constitucionales\u00bb, ha reiterado. Ante la posibilidad de que las manifestaciones de Torra puedan condicionar los contactos con el Govern catal\u00e1n, ha asegurado que \u00abel Gobierno habla por obligaci\u00f3n y, adem\u00e1s, por convicci\u00f3n con todos los gobiernos auton\u00f3micos\u00bb. \u00abCon el de Catalu\u00f1a, lo \u00fanico que hemos hecho es volver a recuperar la normalidad que se hab\u00eda perdido. Hemos estado durante a\u00f1os diciendo todos en la vida pol\u00edtica y c\u00edvica del pa\u00eds hace falta di\u00e1logo, capacidad de encontrarnos, de salir con acuerdos cumpliendo la Constituci\u00f3n y las leyes\u00bb, ha comentado.<br \/>\nVia: <a href=\"https:\/\/www.abc.es\/espana\/abci-calvo-minimiza-amenaza-torra-frase-inaceptable-no-ataca-estado-espanol-201808191336_noticia.html\" target=\"_blank\">Calvo minimiza la amenaza de Torra: \u00abCon una frase inaceptable no se ataca al Estado espa\u00f1ol\u00bb<\/a><\/p>\n","protected":false},"excerpt":{"rendered":"<p>La vicepresidenta del Gobierno, Carmen Calvo, ha se\u00f1alado hoy domingo que con una \u00abfrase inaceptable no se ataca al Estado espa\u00f1ol\u00bb, en referencia a las palabras pronunciadas por el presidente catal\u00e1n, Quim Torra, y ha defendido que el Gobierno \u00absabe en tiempo y en forma cu\u00e1les son sus obligaciones constitucionales\u00bb. [&hellip;]<\/p>\n","protected":false},"author":2,"featured_media":54748,"comment_status":"open","ping_status":"closed","sticky":false,"template":"","format":"standard","meta":{"footnotes":""},"categories":[6],"tags":[],"class_list":["post-54747","post","type-post","status-publish","format-standard","has-post-thumbnail","hentry","category-spanish"],"_links":{"self":[{"href":"https:\/\/theworldwidejournal.com\/index.php?rest_route=\/wp\/v2\/posts\/54747","targetHints":{"allow":["GET"]}}],"collection":[{"href":"https:\/\/theworldwidejournal.com\/index.php?rest_route=\/wp\/v2\/posts"}],"about":[{"href":"https:\/\/theworldwidejournal.com\/index.php?rest_route=\/wp\/v2\/types\/post"}],"author":[{"embeddable":true,"href":"https:\/\/theworldwidejournal.com\/index.php?rest_route=\/wp\/v2\/users\/2"}],"replies":[{"embeddable":true,"href":"https:\/\/theworldwidejournal.com\/index.php?rest_route=%2Fwp%2Fv2%2Fcomments&post=54747"}],"version-history":[{"count":0,"href":"https:\/\/theworldwidejournal.com\/index.php?rest_route=\/wp\/v2\/posts\/54747\/revisions"}],"wp:featuredmedia":[{"embeddable":true,"href":"https:\/\/theworldwidejournal.com\/index.php?rest_route=\/wp\/v2\/media\/54748"}],"wp:attachment":[{"href":"https:\/\/theworldwidejournal.com\/index.php?rest_route=%2Fwp%2Fv2%2Fmedia&parent=54747"}],"wp:term":[{"taxonomy":"category","embeddable":true,"href":"https:\/\/theworldwidejournal.com\/index.php?rest_route=%2Fwp%2Fv2%2Fcategories&post=54747"},{"taxonomy":"post_tag","embeddable":true,"href":"https:\/\/theworldwidejournal.com\/index.php?rest_route=%2Fwp%2Fv2%2Ftags&post=54747"}],"curies":[{"name":"wp","href":"https:\/\/api.w.org\/{rel}","templated":true}]}}