{"id":54813,"date":"1970-01-01T01:00:00","date_gmt":"1970-01-01T00:00:00","guid":{"rendered":"https:\/\/theworldwidejournal.com\/1970\/01\/01\/la-generalitat-amenaza-con-multas-de-30-000-euros-por-retirar-lazos\/"},"modified":"1970-01-01T01:00:00","modified_gmt":"1970-01-01T00:00:00","slug":"la-generalitat-amenaza-con-multas-de-30-000-euros-por-retirar-lazos","status":"publish","type":"post","link":"https:\/\/theworldwidejournal.com\/?p=54813","title":{"rendered":"La Generalitat amenaza con multas de 30.000 euros por retirar lazos"},"content":{"rendered":"<p>Multas de entre 601 y 30.000 euros por retirar lazos amarillos. O, mejor dicho, por contravenir con una \u00abinfracci\u00f3n grave\u00bb la Ley 4\/2015 de seguridad ciudadana, conocida popularmente como \u00abley mordaza\u00bb y de la que el independentismo ha pedido repetidamente su derogaci\u00f3n. El pasado mes de mayo, el Ayuntamiento de Arenys de Munt (Barcelona) ya aprob\u00f3 multar con hasta 200 euros a quienes \u00abretiren s\u00edmbolos de la v\u00eda p\u00fablica\u00bb, pero la Generalitat ha querido ir un poco m\u00e1s all\u00e1 y amenaza ahora con aplicar la citada ley calificando de \u00abda\u00f1os en el dominio p\u00fablico\u00bb la retirada de s\u00edmbolos independentistas. As\u00ed lo anunci\u00f3 la consejer\u00eda de Interior despu\u00e9s de informar de que los Mossos d\u2019Esquadra hab\u00edan identificado a 14 personas, entre ellas un agente de la Guardia Civil, en las localidades tarraconenses de Mora La Nova, Tivissa y Vandell\u00f3s como \u00abposibles autores de da\u00f1os al dominio p\u00fablico\u00bb. Seg\u00fan fuentes policiales, los hechos ocurrieron durante la madrugada del viernes, cuando agentes de la polic\u00eda catalana, avisados por un vecino, localizaron a los identificados en tres veh\u00edculos con mapas y herramientas de corte para arrancar lazos amarillos y esteladas de las calles, as\u00ed como piezas de ropa para taparse la cara. Para Ciudadanos, uno de los partidos m\u00e1s beligerantes contra la ocupaci\u00f3n del espacio p\u00fablico por parte de los independenistas, la noticia demuestra que el presidente de la Generalitat, Quim Torra, ha empezado \u00aba cumplir sus amenazas atacando a los m\u00e1s d\u00e9biles; los ciudadanos que retiran simbolog\u00eda separatista de las calles\u00bb, tal y como subray\u00f3 el portavoz del partido en la Asamblea de Madrid, Ignacio Aguado. \u00abLos ciudadanos hacen lo que no hace el Gobierno: acatar y cumplir con la ley y la sentencia del TSJC que exige la neutralidad de los espacios p\u00fablicos\u00bb, a\u00f1adi\u00f3 Aguado. \u00abEs un paso m\u00e1s en la amenaza que hizo Torra. Se constata que la represi\u00f3n que denuncian es la que practican\u00bb, se\u00f1ala desde el PPC el secretario general del partido, Santi Rodr\u00edguez, para quien \u00abes absolutamente rid\u00edculo aplicar la Ley de Seguridad contra gente que retira propaganda\u00bb. \u00abSe tendr\u00eda que ver si no son los ayuntamientos los que est\u00e1n prevaricando\u00bb, a\u00f1ade. Mucho m\u00e1s expeditivo se mostr\u00f3 el portavoz de Cs en el Congreso, Juan Carlos Girauta, quien anim\u00f3 desde su cuenta de Twitter a que todo el mundo retirase \u00ablazos amarillos y pancartas supremacistas del espacio p\u00fablico\u00bb. \u00abExige la neutralidad de la Administraci\u00f3n. No admitas la autoridad de la polic\u00eda pol\u00edtica\u00bb, escribi\u00f3. Todos a retirar lazos amarillos y pancartas supremacistas del espacio p\u00fablico.Exige la neutralidad de la Administraci\u00f3n.No admitas la autoridad de la polic\u00eda pol\u00edtica.&mdash; Juan Carlos Girauta (@GirautaOficial) 19 de agosto de 2018 Por su parte, el l\u00edder del partido naranja, Albert Rivera, denunci\u00f3 el uso que est\u00e1 haciendo Torra de los Mossos como \u00abpolic\u00eda pol\u00edtica\u00bb. \u00abOrdena que protejan la simbolog\u00eda separatista ilegal en el espacio p\u00fablico y persigan a quienes la retiran, el mundo al rev\u00e9s\u00bb, destac\u00f3. Con todo, por el momento la identificaci\u00f3n policial no se ha traducido en ninguna denuncia, por lo que ha sido la Generalitat la que ha decidido actuar por iniciativa propia. \u00abFractura social\u00bb El problema, alegan, no es que retirasen lazos, sino las herramientas con las que iban pertrechados. Unas explicaciones que, sin embargo, contrastaban con las palabras del vicepresidente catal\u00e1n, Pere Aragon\u00e9s, quien ayer mismo defendi\u00f3 que el espacio p\u00fablico \u00abno puede ser neutral\u00bb ante la \u00abinjusticia\u00bb y exigi\u00f3 al Gobierno de Pedro S\u00e1nchez que \u00abact\u00fae y ponga orden\u00bb para frenar estos \u00abpelotones\u00bb que \u00abse dedican a retirar elementos del espacio p\u00fablico\u00bb. Aragon\u00e9s aprovech\u00f3 para cargar contra Ciudadanos por impulsar campa\u00f1as que instan a retirar lazos del espacio p\u00fablico y que, asegur\u00f3, aboca a la \u00abfractura social\u00bb. Precisamente la plataforma Espa\u00f1a Ciudadana, vinculada a Ciudadanos, acaba de lanzar una campa\u00f1a a\u00e9rea en varias playas catalanas contra la \u00abocupaci\u00f3n\u00bb por parte de los independentistas de zonas del litoral catal\u00e1n y para reivindicar que las \u00abplayas son de todos\u00bb. Una iniciativa que llega despu\u00e9s de un verano en el que la pugna por el espacio p\u00fablico ha generado encontronazos a cuenta de la colocaci\u00f3n y retirada de s\u00edmbolos en playas como las de Canet de Mar y Matar\u00f3. Especialmente tensos fueron los momentos vividos el pasado mes de julio en Vic, cuando un conductor con problemas psicol\u00f3gicos arroll\u00f3 las cruces que entidades independentistas hab\u00edan plantado en la plaza del pueblo, o la trifulca que tuvo lugar en Verges (Gerona) mientras unos encapuchados retiraban esteladas y que se sald\u00f3 con uno de los encapuchados detenido por amenazar con un cuchillo a dos personas. Un coche arrolla cruces amarilas en VIC &#8211; ABC En este caso, sin embargo, la maniobra del ejecutivo de Torra ha despertado no pocos recelos legales. As\u00ed, mientras que el jurista Pere Llu\u00eds Huguet, al frente de la asociaci\u00f3n Llibertats, se\u00f1alaba ayer que \u00abquitar lazos amarillos de la v\u00eda p\u00fablica no es infracci\u00f3n alguna de la Ley de Seguridad; incoar un procedimiento por ello podr\u00eda ser un delito de prevaricaci\u00f3n\u00bb, la Uni\u00f3n de Mossos Constitucionalistas, que agrupa a m\u00e1s de 300 agentes del cuerpo, subraya que, siempre que no se da\u00f1e el mobiliario urbano o se ensucie la v\u00eda p\u00fablica, retirar la citada simbolog\u00eda no supone infracci\u00f3n alguna. \u00abLa retirada de carteler\u00eda, lazos, banderas o cualquier otra simbolog\u00eda de una determinada opci\u00f3n ideol\u00f3gica, colocadas en zonas comunes sin su debida autorizaci\u00f3n, est\u00e1 amparada por la sentencia del TSJC de 5 de Julio sobre la objetividad y neutralidad de los edificios y espacios p\u00fablicos\u00bb, se\u00f1al\u00f3 la entidad.<br \/>\nVia: <a href=\"https:\/\/www.abc.es\/espana\/abci-generalitat-amenaza-multas-30000-euros-retirar-lazos-201808192010_noticia.html\" target=\"_blank\">La Generalitat amenaza con multas de 30.000 euros por retirar lazos<\/a><\/p>\n","protected":false},"excerpt":{"rendered":"<p>Multas de entre 601 y 30.000 euros por retirar lazos amarillos. O, mejor dicho, por contravenir con una \u00abinfracci\u00f3n grave\u00bb la Ley 4\/2015 de seguridad ciudadana, conocida popularmente como \u00abley mordaza\u00bb y de la que el independentismo ha pedido repetidamente su derogaci\u00f3n. El pasado mes de mayo, el Ayuntamiento de [&hellip;]<\/p>\n","protected":false},"author":2,"featured_media":54814,"comment_status":"open","ping_status":"closed","sticky":false,"template":"","format":"standard","meta":{"footnotes":""},"categories":[6],"tags":[],"class_list":["post-54813","post","type-post","status-publish","format-standard","has-post-thumbnail","hentry","category-spanish"],"_links":{"self":[{"href":"https:\/\/theworldwidejournal.com\/index.php?rest_route=\/wp\/v2\/posts\/54813","targetHints":{"allow":["GET"]}}],"collection":[{"href":"https:\/\/theworldwidejournal.com\/index.php?rest_route=\/wp\/v2\/posts"}],"about":[{"href":"https:\/\/theworldwidejournal.com\/index.php?rest_route=\/wp\/v2\/types\/post"}],"author":[{"embeddable":true,"href":"https:\/\/theworldwidejournal.com\/index.php?rest_route=\/wp\/v2\/users\/2"}],"replies":[{"embeddable":true,"href":"https:\/\/theworldwidejournal.com\/index.php?rest_route=%2Fwp%2Fv2%2Fcomments&post=54813"}],"version-history":[{"count":0,"href":"https:\/\/theworldwidejournal.com\/index.php?rest_route=\/wp\/v2\/posts\/54813\/revisions"}],"wp:featuredmedia":[{"embeddable":true,"href":"https:\/\/theworldwidejournal.com\/index.php?rest_route=\/wp\/v2\/media\/54814"}],"wp:attachment":[{"href":"https:\/\/theworldwidejournal.com\/index.php?rest_route=%2Fwp%2Fv2%2Fmedia&parent=54813"}],"wp:term":[{"taxonomy":"category","embeddable":true,"href":"https:\/\/theworldwidejournal.com\/index.php?rest_route=%2Fwp%2Fv2%2Fcategories&post=54813"},{"taxonomy":"post_tag","embeddable":true,"href":"https:\/\/theworldwidejournal.com\/index.php?rest_route=%2Fwp%2Fv2%2Ftags&post=54813"}],"curies":[{"name":"wp","href":"https:\/\/api.w.org\/{rel}","templated":true}]}}