{"id":54847,"date":"2018-08-20T13:33:59","date_gmt":"2018-08-20T11:33:59","guid":{"rendered":"https:\/\/theworldwidejournal.com\/2018\/08\/20\/500-millions-deuros-en-moins-pour-le-social-le-gouvernement-repond\/"},"modified":"2018-08-20T13:33:59","modified_gmt":"2018-08-20T11:33:59","slug":"500-millions-deuros-en-moins-pour-le-social-le-gouvernement-repond","status":"publish","type":"post","link":"https:\/\/theworldwidejournal.com\/?p=54847","title":{"rendered":"500\u00a0millions d&#8217;euros en\u00a0moins pour le\u00a0social\u00a0: le\u00a0gouvernement r\u00e9pond"},"content":{"rendered":"<p>Point\u00e9 lundi par \u00abLib\u00e9ration\u00bb, cette \u00abmoindre hausse\u00bb s&#8217;explique par le report de projets immobiliers, mais aussi par un \u00abajustement\u00bb des d\u00e9penses li\u00e9es \u00e0 la prime d&#8217;activit\u00e9, explique le minist\u00e8re de Solidarit\u00e9s.<br \/>\nVia: <a href=\"http:\/\/www.liberation.fr\/france\/2018\/08\/20\/500-millions-d-euros-en-moins-pour-le-social-le-gouvernement-repond_1673534?xtor=rss-450\" target=\"_blank\">500\u00a0millions d&#8217;euros en\u00a0moins pour le\u00a0social\u00a0: le\u00a0gouvernement r\u00e9pond<\/a><\/p>\n","protected":false},"excerpt":{"rendered":"<p>Point\u00e9 lundi par \u00abLib\u00e9ration\u00bb, cette \u00abmoindre hausse\u00bb s&#8217;explique par le report de projets immobiliers, mais aussi par un \u00abajustement\u00bb des d\u00e9penses li\u00e9es \u00e0 la prime d&#8217;activit\u00e9, explique le minist\u00e8re de Solidarit\u00e9s. Via: 500\u00a0millions d&#8217;euros en\u00a0moins pour le\u00a0social\u00a0: le\u00a0gouvernement r\u00e9pond<\/p>\n","protected":false},"author":2,"featured_media":0,"comment_status":"open","ping_status":"closed","sticky":false,"template":"","format":"standard","meta":{"footnotes":""},"categories":[4],"tags":[],"class_list":["post-54847","post","type-post","status-publish","format-standard","hentry","category-french"],"_links":{"self":[{"href":"https:\/\/theworldwidejournal.com\/index.php?rest_route=\/wp\/v2\/posts\/54847","targetHints":{"allow":["GET"]}}],"collection":[{"href":"https:\/\/theworldwidejournal.com\/index.php?rest_route=\/wp\/v2\/posts"}],"about":[{"href":"https:\/\/theworldwidejournal.com\/index.php?rest_route=\/wp\/v2\/types\/post"}],"author":[{"embeddable":true,"href":"https:\/\/theworldwidejournal.com\/index.php?rest_route=\/wp\/v2\/users\/2"}],"replies":[{"embeddable":true,"href":"https:\/\/theworldwidejournal.com\/index.php?rest_route=%2Fwp%2Fv2%2Fcomments&post=54847"}],"version-history":[{"count":0,"href":"https:\/\/theworldwidejournal.com\/index.php?rest_route=\/wp\/v2\/posts\/54847\/revisions"}],"wp:attachment":[{"href":"https:\/\/theworldwidejournal.com\/index.php?rest_route=%2Fwp%2Fv2%2Fmedia&parent=54847"}],"wp:term":[{"taxonomy":"category","embeddable":true,"href":"https:\/\/theworldwidejournal.com\/index.php?rest_route=%2Fwp%2Fv2%2Fcategories&post=54847"},{"taxonomy":"post_tag","embeddable":true,"href":"https:\/\/theworldwidejournal.com\/index.php?rest_route=%2Fwp%2Fv2%2Ftags&post=54847"}],"curies":[{"name":"wp","href":"https:\/\/api.w.org\/{rel}","templated":true}]}}