{"id":54879,"date":"2018-08-20T15:35:09","date_gmt":"2018-08-20T13:35:09","guid":{"rendered":"https:\/\/theworldwidejournal.com\/2018\/08\/20\/teniamos-la-opcion-de-llorar-y-olvidar-o-dar-la-cara-elegimos-la-opcion-mas-dificil\/"},"modified":"2018-08-20T15:35:09","modified_gmt":"2018-08-20T13:35:09","slug":"teniamos-la-opcion-de-llorar-y-olvidar-o-dar-la-cara-elegimos-la-opcion-mas-dificil","status":"publish","type":"post","link":"https:\/\/theworldwidejournal.com\/?p=54879","title":{"rendered":"\u201cTen\u00edamos la opci\u00f3n de llorar y olvidar o dar la cara. Elegimos la opci\u00f3n m\u00e1s dif\u00edcil\u201d"},"content":{"rendered":"<p>La presidenta de la Asociaci\u00f3n de V\u00edctimas del Vuelo JK5022, Pilar Vera, ha reclamado este lunes, en el d\u00e9cimo aniversario del accidente de Spanair que dej\u00f3 154 muertos, que los partidos pol\u00edticos se impliquen para &#8220;aclarar lo que sucedi\u00f3&#8221;. &#8220;Esperamos de ustedes que se comprometan p\u00fablicamente a que la comisi\u00f3n de investigaci\u00f3n [abierta en el Congreso] sirva para aclarar lo que sucedi\u00f3&#8221;, ha pedido Vera, visiblemente emocionada, especialmente por la voz del cantante canario\u00a0Pedro Manuel Alfonso\u00a0que ha acompa\u00f1ado al homenaje.\u00a0&#8220;Ten\u00edamos dos opciones llorar y olvidar o dar la cara y pedir responsabilidades, elegimos la opci\u00f3n m\u00e1s dif\u00edcil porque era a\u00fan m\u00e1s dif\u00edcil vivir sin moral&#8221;, ha se\u00f1alado Pilar Vera.Seguir leyendo.<br \/>\nVia: <a href=\"https:\/\/elpais.com\/politica\/2018\/08\/20\/actualidad\/1534759776_151855.html#?ref=rss&#038;format=simple&#038;link=link\" target=\"_blank\">\u201cTen\u00edamos la opci\u00f3n de llorar y olvidar o dar la cara. Elegimos la opci\u00f3n m\u00e1s dif\u00edcil\u201d<\/a><\/p>\n","protected":false},"excerpt":{"rendered":"<p>La presidenta de la Asociaci\u00f3n de V\u00edctimas del Vuelo JK5022, Pilar Vera, ha reclamado este lunes, en el d\u00e9cimo aniversario del accidente de Spanair que dej\u00f3 154 muertos, que los partidos pol\u00edticos se impliquen para &#8220;aclarar lo que sucedi\u00f3&#8221;. &#8220;Esperamos de ustedes que se comprometan p\u00fablicamente a que la comisi\u00f3n [&hellip;]<\/p>\n","protected":false},"author":2,"featured_media":0,"comment_status":"open","ping_status":"closed","sticky":false,"template":"","format":"standard","meta":{"footnotes":""},"categories":[6],"tags":[],"class_list":["post-54879","post","type-post","status-publish","format-standard","hentry","category-spanish"],"_links":{"self":[{"href":"https:\/\/theworldwidejournal.com\/index.php?rest_route=\/wp\/v2\/posts\/54879","targetHints":{"allow":["GET"]}}],"collection":[{"href":"https:\/\/theworldwidejournal.com\/index.php?rest_route=\/wp\/v2\/posts"}],"about":[{"href":"https:\/\/theworldwidejournal.com\/index.php?rest_route=\/wp\/v2\/types\/post"}],"author":[{"embeddable":true,"href":"https:\/\/theworldwidejournal.com\/index.php?rest_route=\/wp\/v2\/users\/2"}],"replies":[{"embeddable":true,"href":"https:\/\/theworldwidejournal.com\/index.php?rest_route=%2Fwp%2Fv2%2Fcomments&post=54879"}],"version-history":[{"count":0,"href":"https:\/\/theworldwidejournal.com\/index.php?rest_route=\/wp\/v2\/posts\/54879\/revisions"}],"wp:attachment":[{"href":"https:\/\/theworldwidejournal.com\/index.php?rest_route=%2Fwp%2Fv2%2Fmedia&parent=54879"}],"wp:term":[{"taxonomy":"category","embeddable":true,"href":"https:\/\/theworldwidejournal.com\/index.php?rest_route=%2Fwp%2Fv2%2Fcategories&post=54879"},{"taxonomy":"post_tag","embeddable":true,"href":"https:\/\/theworldwidejournal.com\/index.php?rest_route=%2Fwp%2Fv2%2Ftags&post=54879"}],"curies":[{"name":"wp","href":"https:\/\/api.w.org\/{rel}","templated":true}]}}