{"id":54886,"date":"1970-01-01T01:00:00","date_gmt":"1970-01-01T00:00:00","guid":{"rendered":"https:\/\/theworldwidejournal.com\/1970\/01\/01\/ciudadanos-llama-a-la-rebelion-y-seguira-limpiando-las-calles-de-lazos\/"},"modified":"1970-01-01T01:00:00","modified_gmt":"1970-01-01T00:00:00","slug":"ciudadanos-llama-a-la-rebelion-y-seguira-limpiando-las-calles-de-lazos","status":"publish","type":"post","link":"https:\/\/theworldwidejournal.com\/?p=54886","title":{"rendered":"Ciudadanos llama a la rebeli\u00f3n y seguir\u00e1 \u00ablimpiando\u00bb las calles de lazos"},"content":{"rendered":"<p>Ciudadanos ha llamado este lunes a la insurrecci\u00f3n ante lo que considera un atropello de los Mossos por identificar a quienes retiran simbolog\u00eda independentista del espacio p\u00fablico. El partido de Rivera anuncia que sus cargos seguir\u00e1n \u00ablimpiando\u00bb el espacio p\u00fablico de lazos amarillos y har\u00e1n caso omiso a las actuaciones de la Polic\u00eda catalana, que este fin de semana identificaron a catorce personas por planear la retirada de estos s\u00edmbolos. Adem\u00e1s, exige a Pedro S\u00e1nchez que reactive el 155 y tome el control de los Mossos. Su portavoz en el Congreso, Juan Carlos Girauta, plante\u00f3 ayer un choque de legitimidades al hacer un llamamiento en las redes sociales a que los ciudadanos cuestionen la \u00abautoridad\u00bb de la Polic\u00eda auton\u00f3mica catalana, que tacha de \u00abpolic\u00eda pol\u00edtica\u00bb del independentismo. \u00abTodos a retirar lazos amarillos y pancartas supremacistas del espacio p\u00fablico. Exige la neutralidad de la Administraci\u00f3n. No admitas la autoridad de la polic\u00eda pol\u00edtica\u00bb, escribi\u00f3 Girauta en Twitter. Todos a retirar lazos amarillos y pancartas supremacistas del espacio p\u00fablico.Exige la neutralidad de la Administraci\u00f3n.No admitas la autoridad de la polic\u00eda pol\u00edtica.&mdash; Juan Carlos Girauta (@GirautaOficial) 19 de agosto de 2018 Ciudadanos recuerda que una sentencia del Tribunal Superior de Justicia de Catalu\u00f1a avala la retirada de s\u00edmbolos independentistas de las calles y denuncia la persecuci\u00f3n de la Generalitat, utilizando a los Mossos, contra los ciudadanos constitucionalistas que desde septiembre eliminan todo tipo de pancartas y lazos amarillos de la v\u00eda p\u00fablica. Llamamiento El secretario general del partido, Jos\u00e9 Manuel Villegas, ha denunciado este lunes que la Generalitat utiliza los Mossos para \u00abhostigar\u00bb a los ciudadanos que procuran preservar esa \u00abneutralidad\u00bb de los espacios p\u00fablicos, invadido por la propaganda separatista en Catalu\u00f1a. Y ha asegurado que mantendr\u00e1n su campa\u00f1a de limpieza. \u00abVamos a seguir actuando en las calles. Ciudadanos seguir\u00e1 defendiendo la neutralidad. Los cargos p\u00fablicos van a seguir limpiando las calles. No nos van a amedrentar\u00bb, ha aseverado. En el partido reconocen que en principio ese llamamiento era solo para los cargos, pero son conscientes del efecto contagio entre muchos ciudadanos an\u00f3nimos que est\u00e1n hartos de ver las playas plagadas de cruces amarillas y los edificios p\u00fablicos repletos de pl\u00e1sticos. Requerimiento a Torra La intervenci\u00f3n de los Mossos y la \u00faltima declaraci\u00f3n del presidente de la Generalitat, Quim Torra, ha provocado que Cs recupere su discurso m\u00e1s duro y exija formalmente al presidente, Pedro S\u00e1nchez, que reactive el 155 de la Constituci\u00f3n en Catalu\u00f1a. Villegas y tambi\u00e9n el l\u00edder del partido, Albert Rivera, piden ya que S\u00e1nchez env\u00ede el requerimiento a Torra para que diga si acata o no el ordenamiento constitucional. Ciudadanos insiste en que el Ejecutivo debe tomar el control de determinadas competencias, incluida la de los Mossos. Pide a S\u00e1nchez que convoque a PP y CS y consens\u00faen una respuesta com\u00fan ante la deriva desafiante de Torra, que el viernes llam\u00f3 a \u00abatacar al Estado\u00bb. Villegas ha anunciado que su grupo parlamentario en el Parlament ha solicitado la comparecencia del conseller de Interior, Miquel Buch, para que d\u00e9 explicaciones por la intervenci\u00f3n de los Mossos y su \u00abhostigamiento\u00bb a los ciudadanos que retiran lazos amarillos.<br \/>\nVia: <a href=\"https:\/\/www.abc.es\/espana\/abci-ciudadanos-llama-rebelion-y-seguira-limpiando-calles-lazos-201808201325_noticia.html\" target=\"_blank\">Ciudadanos llama a la rebeli\u00f3n y seguir\u00e1 \u00ablimpiando\u00bb las calles de lazos<\/a><\/p>\n","protected":false},"excerpt":{"rendered":"<p>Ciudadanos ha llamado este lunes a la insurrecci\u00f3n ante lo que considera un atropello de los Mossos por identificar a quienes retiran simbolog\u00eda independentista del espacio p\u00fablico. El partido de Rivera anuncia que sus cargos seguir\u00e1n \u00ablimpiando\u00bb el espacio p\u00fablico de lazos amarillos y har\u00e1n caso omiso a las actuaciones [&hellip;]<\/p>\n","protected":false},"author":2,"featured_media":54887,"comment_status":"open","ping_status":"closed","sticky":false,"template":"","format":"standard","meta":{"footnotes":""},"categories":[6],"tags":[],"class_list":["post-54886","post","type-post","status-publish","format-standard","has-post-thumbnail","hentry","category-spanish"],"_links":{"self":[{"href":"https:\/\/theworldwidejournal.com\/index.php?rest_route=\/wp\/v2\/posts\/54886","targetHints":{"allow":["GET"]}}],"collection":[{"href":"https:\/\/theworldwidejournal.com\/index.php?rest_route=\/wp\/v2\/posts"}],"about":[{"href":"https:\/\/theworldwidejournal.com\/index.php?rest_route=\/wp\/v2\/types\/post"}],"author":[{"embeddable":true,"href":"https:\/\/theworldwidejournal.com\/index.php?rest_route=\/wp\/v2\/users\/2"}],"replies":[{"embeddable":true,"href":"https:\/\/theworldwidejournal.com\/index.php?rest_route=%2Fwp%2Fv2%2Fcomments&post=54886"}],"version-history":[{"count":0,"href":"https:\/\/theworldwidejournal.com\/index.php?rest_route=\/wp\/v2\/posts\/54886\/revisions"}],"wp:featuredmedia":[{"embeddable":true,"href":"https:\/\/theworldwidejournal.com\/index.php?rest_route=\/wp\/v2\/media\/54887"}],"wp:attachment":[{"href":"https:\/\/theworldwidejournal.com\/index.php?rest_route=%2Fwp%2Fv2%2Fmedia&parent=54886"}],"wp:term":[{"taxonomy":"category","embeddable":true,"href":"https:\/\/theworldwidejournal.com\/index.php?rest_route=%2Fwp%2Fv2%2Fcategories&post=54886"},{"taxonomy":"post_tag","embeddable":true,"href":"https:\/\/theworldwidejournal.com\/index.php?rest_route=%2Fwp%2Fv2%2Ftags&post=54886"}],"curies":[{"name":"wp","href":"https:\/\/api.w.org\/{rel}","templated":true}]}}