{"id":54953,"date":"2018-08-20T22:05:08","date_gmt":"2018-08-20T20:05:08","guid":{"rendered":"https:\/\/theworldwidejournal.com\/2018\/08\/20\/los-mossos-dicen-que-el-ataque-es-un-hecho-aislado-que-tenia-como-objetivo-la-policia\/"},"modified":"2018-08-20T22:05:08","modified_gmt":"2018-08-20T20:05:08","slug":"los-mossos-dicen-que-el-ataque-es-un-hecho-aislado-que-tenia-como-objetivo-la-policia","status":"publish","type":"post","link":"https:\/\/theworldwidejournal.com\/?p=54953","title":{"rendered":"Los Mossos dicen que el ataque es un hecho aislado que ten\u00eda como objetivo la polic\u00eda"},"content":{"rendered":"<p>La polic\u00eda auton\u00f3mica apoya su hip\u00f3tesis de que es un atentado \u201caislado\u201d en tres indicios. El principal, la menci\u00f3n a \u201cAl\u00e1\u201d, precis\u00f3 el comisario Rafel Comes, responsable de la lucha antiterrorista. Comes cit\u00f3 otros dos, aunque m\u00e1s circunstanciales: el hecho de que quisiera \u201cacabar con la vida\u201d de un miembro de las fuerzas de seguridad y el nivel de alerta antiterrorista, que coincide adem\u00e1s con el primer aniversario de los atentados de Barcelona y Cambrils. Tras el episodio, el Ministerio del Interior mantuvo el nivel 4 reforzado (sobre 5) de alerta.Seguir leyendo.<br \/>\nVia: <a href=\"https:\/\/elpais.com\/ccaa\/2018\/08\/20\/catalunya\/1534744456_253312.html#?ref=rss&#038;format=simple&#038;link=link\" target=\"_blank\">Los Mossos dicen que el ataque es un hecho aislado que ten\u00eda como objetivo la polic\u00eda<\/a><\/p>\n","protected":false},"excerpt":{"rendered":"<p>La polic\u00eda auton\u00f3mica apoya su hip\u00f3tesis de que es un atentado \u201caislado\u201d en tres indicios. El principal, la menci\u00f3n a \u201cAl\u00e1\u201d, precis\u00f3 el comisario Rafel Comes, responsable de la lucha antiterrorista. Comes cit\u00f3 otros dos, aunque m\u00e1s circunstanciales: el hecho de que quisiera \u201cacabar con la vida\u201d de un miembro [&hellip;]<\/p>\n","protected":false},"author":2,"featured_media":0,"comment_status":"open","ping_status":"closed","sticky":false,"template":"","format":"standard","meta":{"footnotes":""},"categories":[6],"tags":[],"class_list":["post-54953","post","type-post","status-publish","format-standard","hentry","category-spanish"],"_links":{"self":[{"href":"https:\/\/theworldwidejournal.com\/index.php?rest_route=\/wp\/v2\/posts\/54953","targetHints":{"allow":["GET"]}}],"collection":[{"href":"https:\/\/theworldwidejournal.com\/index.php?rest_route=\/wp\/v2\/posts"}],"about":[{"href":"https:\/\/theworldwidejournal.com\/index.php?rest_route=\/wp\/v2\/types\/post"}],"author":[{"embeddable":true,"href":"https:\/\/theworldwidejournal.com\/index.php?rest_route=\/wp\/v2\/users\/2"}],"replies":[{"embeddable":true,"href":"https:\/\/theworldwidejournal.com\/index.php?rest_route=%2Fwp%2Fv2%2Fcomments&post=54953"}],"version-history":[{"count":0,"href":"https:\/\/theworldwidejournal.com\/index.php?rest_route=\/wp\/v2\/posts\/54953\/revisions"}],"wp:attachment":[{"href":"https:\/\/theworldwidejournal.com\/index.php?rest_route=%2Fwp%2Fv2%2Fmedia&parent=54953"}],"wp:term":[{"taxonomy":"category","embeddable":true,"href":"https:\/\/theworldwidejournal.com\/index.php?rest_route=%2Fwp%2Fv2%2Fcategories&post=54953"},{"taxonomy":"post_tag","embeddable":true,"href":"https:\/\/theworldwidejournal.com\/index.php?rest_route=%2Fwp%2Fv2%2Ftags&post=54953"}],"curies":[{"name":"wp","href":"https:\/\/api.w.org\/{rel}","templated":true}]}}