{"id":54962,"date":"1970-01-01T01:00:00","date_gmt":"1970-01-01T00:00:00","guid":{"rendered":"https:\/\/theworldwidejournal.com\/1970\/01\/01\/casado-exige-a-sanchez-que-frene-las-amenazas-de-torra-o-propondra-un-nuevo-155\/"},"modified":"1970-01-01T01:00:00","modified_gmt":"1970-01-01T00:00:00","slug":"casado-exige-a-sanchez-que-frene-las-amenazas-de-torra-o-propondra-un-nuevo-155","status":"publish","type":"post","link":"https:\/\/theworldwidejournal.com\/?p=54962","title":{"rendered":"Casado exige a S\u00e1nchez que frene las amenazas de Torra o propondr\u00e1 un nuevo 155"},"content":{"rendered":"<p>El l\u00edder del PP, Pablo Casado, ha advertido hoy al presidente del Gobierno, Pedro S\u00e1nchez, que, si no toma medidas y frena las amenazas al Estado realizadas por el presidente de la Generalitat, Quim Torra, su partido solicitar\u00e1 que se active de nuevo el art\u00edculo 155 de la Constituci\u00f3n. El dirigente popular, en declaraciones a los medios al t\u00e9rmino del acto de conmemoraci\u00f3n del d\u00e9cimo aniversario del accidente de Spanair, ha recordado que su formaci\u00f3n puede \u00abofrecer los votos en el Senado suficientes\u00bb para que el 155 entre en vigor. \u00abEl Gobierno tiene que contestar a Torra\u00bb, ha reclamado Casado, justo despu\u00e9s de se\u00f1alar que ya advirti\u00f3 a S\u00e1nchez en la reuni\u00f3n que mantuvieron el mes pasado en La Moncloa de que el PP pedir\u00e1 que \u00abse active la Constituci\u00f3n\u00bb para que \u00abno se permita ninguna amenaza al Estado de derecho espa\u00f1ol\u00bb. En esta reuni\u00f3n, Casado ya puso a disposici\u00f3n del Gobierno los votos populares en el Senado para activar la medida si era preciso. Casado, que ha calificado las palabras de Torra afirmando que hay que atacar al Estado espa\u00f1ol como \u00abinaceptables\u00bb, ha se\u00f1alado que en las \u00faltimas semanas la tensa relaci\u00f3n con Torra va a peor a medida que este pasa de las palabras a los hechos. \u00abSi algo hay que reconocer a los independentistas es que lo que amenazan lo llevan a cabo y esto se repite con los escraches al juez Llarena y con la denuncia presentada contra este magistrado en B\u00e9lgica por el se\u00f1or Puigdemont\u00bb, ha denunciado el l\u00edder popular. Ante este ataque contra la justicia espa\u00f1ola, tambi\u00e9n ha lanzado un dardo al Ejecutivo socialista acus\u00e1ndolos de que \u00abni siquiera\u00bb hayan aclarado si la Abogac\u00eda del Estado va a apoyar o no a Llarena. Asimismo, Casado tambi\u00e9n ha sido cr\u00edtico con la reciente amenaza de la Generalitat de multar a aquellos que retiren lazos amarillos de las calles catalanas, algo que, como ha aseverado el dirigente de G\u00e9nova apoy\u00e1ndose en declaraciones realizadas por la fiscal general del Estado, \u00abno puede constituir ning\u00fan tipo de delito\u00bb. Por todas estas amenazas, el dirigente ha exigido a S\u00e1nchez que \u00abdetalle la respuesta jur\u00eddica administrativa constitucional\u00bb que tomar\u00e1 contra las palabras y los hechos de Torra y ha situado \u00abla diferencia\u00bb entre el anterior y el actual Ejecutivo. A su juicio, mientras antes hab\u00eda un Gobierno (el del PP de Mariano Rajoy) que \u00abfrenaba cualquier tipo de iniciativa independentista\u00bb, ahora el Ejecutivo \u00abdepende de los votos en la moci\u00f3n de censura de los partidos secesionistas\u00bb. \u00abLos peores momentos de confrontaci\u00f3n que vive la historia empiezan por frases. Las palabras son importantes\u00bb, ha recalcado el l\u00edder popular, quien ha plasmado su desacuerdo con la vicepresidenta del Gobierno, Carmen Calvo, que ayer calific\u00f3 la intervenci\u00f3n de Torra como \u00abuna frase desafortunada\u00bb que no tiene por qu\u00e9 representar un ataque al Estado. \u00abLas palabras de Torra s\u00ed son un ataque al Estado y la amenaza fue expl\u00edcita\u00bb, ha sentenciado Casado.<br \/>\nVia: <a href=\"https:\/\/www.abc.es\/espana\/abci-casado-exige-sanchez-frene-amenazas-torra-o-propondra-nuevo-155-201808201605_noticia.html\" target=\"_blank\">Casado exige a S\u00e1nchez que frene las amenazas de Torra o propondr\u00e1 un nuevo 155<\/a><\/p>\n","protected":false},"excerpt":{"rendered":"<p>El l\u00edder del PP, Pablo Casado, ha advertido hoy al presidente del Gobierno, Pedro S\u00e1nchez, que, si no toma medidas y frena las amenazas al Estado realizadas por el presidente de la Generalitat, Quim Torra, su partido solicitar\u00e1 que se active de nuevo el art\u00edculo 155 de la Constituci\u00f3n. El [&hellip;]<\/p>\n","protected":false},"author":2,"featured_media":54963,"comment_status":"open","ping_status":"closed","sticky":false,"template":"","format":"standard","meta":{"footnotes":""},"categories":[6],"tags":[],"class_list":["post-54962","post","type-post","status-publish","format-standard","has-post-thumbnail","hentry","category-spanish"],"_links":{"self":[{"href":"https:\/\/theworldwidejournal.com\/index.php?rest_route=\/wp\/v2\/posts\/54962","targetHints":{"allow":["GET"]}}],"collection":[{"href":"https:\/\/theworldwidejournal.com\/index.php?rest_route=\/wp\/v2\/posts"}],"about":[{"href":"https:\/\/theworldwidejournal.com\/index.php?rest_route=\/wp\/v2\/types\/post"}],"author":[{"embeddable":true,"href":"https:\/\/theworldwidejournal.com\/index.php?rest_route=\/wp\/v2\/users\/2"}],"replies":[{"embeddable":true,"href":"https:\/\/theworldwidejournal.com\/index.php?rest_route=%2Fwp%2Fv2%2Fcomments&post=54962"}],"version-history":[{"count":0,"href":"https:\/\/theworldwidejournal.com\/index.php?rest_route=\/wp\/v2\/posts\/54962\/revisions"}],"wp:featuredmedia":[{"embeddable":true,"href":"https:\/\/theworldwidejournal.com\/index.php?rest_route=\/wp\/v2\/media\/54963"}],"wp:attachment":[{"href":"https:\/\/theworldwidejournal.com\/index.php?rest_route=%2Fwp%2Fv2%2Fmedia&parent=54962"}],"wp:term":[{"taxonomy":"category","embeddable":true,"href":"https:\/\/theworldwidejournal.com\/index.php?rest_route=%2Fwp%2Fv2%2Fcategories&post=54962"},{"taxonomy":"post_tag","embeddable":true,"href":"https:\/\/theworldwidejournal.com\/index.php?rest_route=%2Fwp%2Fv2%2Ftags&post=54962"}],"curies":[{"name":"wp","href":"https:\/\/api.w.org\/{rel}","templated":true}]}}