{"id":55029,"date":"1970-01-01T01:00:00","date_gmt":"1970-01-01T00:00:00","guid":{"rendered":"https:\/\/theworldwidejournal.com\/1970\/01\/01\/el-gobierno-aprobara-este-viernes-la-exhumacion-de-franco-con-un-decreto-ley\/"},"modified":"1970-01-01T01:00:00","modified_gmt":"1970-01-01T00:00:00","slug":"el-gobierno-aprobara-este-viernes-la-exhumacion-de-franco-con-un-decreto-ley","status":"publish","type":"post","link":"https:\/\/theworldwidejournal.com\/?p=55029","title":{"rendered":"El Gobierno aprobar\u00e1 este viernes la exhumaci\u00f3n de Franco con un decreto ley"},"content":{"rendered":"<p>El ministro de Cultura y Deporte, Jos\u00e9 Guirao, confirm\u00f3 este martes que el Consejo de Ministros del viernes abordar\u00e1 la exhumaci\u00f3n de los restos del dictador Francisco Franco del Valle de los Ca\u00eddos, y que lo har\u00e1 mediante un decreto ley que modifique la Ley de Memoria Hist\u00f3rica \u00abpara evitar demandas judiciales que retrasen la medida\u00bb. \u00abEntrar\u00e1 en el orden del d\u00eda y se aprobar\u00e1, parece que la f\u00f3rmula m\u00e1s adecuada es un decreto ley\u00bb, dijo el ministro en declaraciones a la Cadena Ser. Esta v\u00eda escogida por el Gobierno pretende que la exhumaci\u00f3n del dictador \u00abse pueda aplicar cuanto antes\u00bb y evitar as\u00ed \u00abdemandas judiciales que retrasen la medida\u00bb. Las demandas judiciales que el Ejecutivo pretende evitar son las de la familia, que en los dos \u00faltimos meses ha manifestado su oposici\u00f3n a la medida y que incluso ha amenazado con acciones legales. Aunque la medida fuera aprobada por el Consejo de Ministros del viernes, el decreto ley deber\u00eda ser validado por el Congreso, por lo que hay que esperar al inicio del per\u00edodo de sesiones, ha recordado Guirao, que conf\u00eda en que se pueda acometer este proceso lo antes posible. El pasado 18 de junio, el Gobierno de Pedro S\u00e1nchez garantiz\u00f3 que se cumplir\u00eda con la proposici\u00f3n no de Ley de impulso de la Ley de Memoria Hist\u00f3rica, aprobada en mayo de 2017, para proceder a la exhumaci\u00f3n de los restos del dictador de su tumba y que esta se llevar\u00eda a cabo en julio. A mediados de ese mes, el Gobierno socialista admiti\u00f3 problemas con la familia de Franco por la decisi\u00f3n de exhumarlo y mostr\u00f3 sus dudas de que fuera posible ese mismo mes, como ten\u00eda previsto inicialmente. Para el ministro Guirao, el Valle de los Ca\u00eddos no es patrimonio cultural porque, a su juicio, patrimonio es lo que toda la sociedad en su conjunto asume que hay que preservar para las generaciones futuras. As\u00ed, entiende que, como \u00abmonumento de exaltaci\u00f3n al franquismo\u00bb, no es de todos los espa\u00f1oles sino el patrimonio de algunos. \u00abPero si asumimos que ya existe este lugar y asumimos, como ha ocurrido con los campos de concentraci\u00f3n nazis, que se han mantenido para que la gente no olvide el horror o no olvide determinadas cosas, desde ese punto de vista, entiendo que s\u00ed puede ser un lugar donde se intente dar otra visi\u00f3n de lo que fue el final de la Guerra Civil y la posguerra\u00bb, ha se\u00f1alado.<br \/>\nVia: <a href=\"https:\/\/www.abc.es\/espana\/abci-gobierno-abordara-este-viernes-exhumacion-franco-decreto-ley-201808210956_noticia.html\" target=\"_blank\">El Gobierno aprobar\u00e1 este viernes la exhumaci\u00f3n de Franco con un decreto ley<\/a><\/p>\n","protected":false},"excerpt":{"rendered":"<p>El ministro de Cultura y Deporte, Jos\u00e9 Guirao, confirm\u00f3 este martes que el Consejo de Ministros del viernes abordar\u00e1 la exhumaci\u00f3n de los restos del dictador Francisco Franco del Valle de los Ca\u00eddos, y que lo har\u00e1 mediante un decreto ley que modifique la Ley de Memoria Hist\u00f3rica \u00abpara evitar [&hellip;]<\/p>\n","protected":false},"author":2,"featured_media":55030,"comment_status":"open","ping_status":"closed","sticky":false,"template":"","format":"standard","meta":{"footnotes":""},"categories":[6],"tags":[],"class_list":["post-55029","post","type-post","status-publish","format-standard","has-post-thumbnail","hentry","category-spanish"],"_links":{"self":[{"href":"https:\/\/theworldwidejournal.com\/index.php?rest_route=\/wp\/v2\/posts\/55029","targetHints":{"allow":["GET"]}}],"collection":[{"href":"https:\/\/theworldwidejournal.com\/index.php?rest_route=\/wp\/v2\/posts"}],"about":[{"href":"https:\/\/theworldwidejournal.com\/index.php?rest_route=\/wp\/v2\/types\/post"}],"author":[{"embeddable":true,"href":"https:\/\/theworldwidejournal.com\/index.php?rest_route=\/wp\/v2\/users\/2"}],"replies":[{"embeddable":true,"href":"https:\/\/theworldwidejournal.com\/index.php?rest_route=%2Fwp%2Fv2%2Fcomments&post=55029"}],"version-history":[{"count":0,"href":"https:\/\/theworldwidejournal.com\/index.php?rest_route=\/wp\/v2\/posts\/55029\/revisions"}],"wp:featuredmedia":[{"embeddable":true,"href":"https:\/\/theworldwidejournal.com\/index.php?rest_route=\/wp\/v2\/media\/55030"}],"wp:attachment":[{"href":"https:\/\/theworldwidejournal.com\/index.php?rest_route=%2Fwp%2Fv2%2Fmedia&parent=55029"}],"wp:term":[{"taxonomy":"category","embeddable":true,"href":"https:\/\/theworldwidejournal.com\/index.php?rest_route=%2Fwp%2Fv2%2Fcategories&post=55029"},{"taxonomy":"post_tag","embeddable":true,"href":"https:\/\/theworldwidejournal.com\/index.php?rest_route=%2Fwp%2Fv2%2Ftags&post=55029"}],"curies":[{"name":"wp","href":"https:\/\/api.w.org\/{rel}","templated":true}]}}