{"id":55031,"date":"1970-01-01T01:00:00","date_gmt":"1970-01-01T00:00:00","guid":{"rendered":"https:\/\/theworldwidejournal.com\/1970\/01\/01\/la-generalitat-se-desmarca-de-la-reactivacion-de-la-web-del-1-o\/"},"modified":"1970-01-01T01:00:00","modified_gmt":"1970-01-01T00:00:00","slug":"la-generalitat-se-desmarca-de-la-reactivacion-de-la-web-del-1-o","status":"publish","type":"post","link":"https:\/\/theworldwidejournal.com\/?p=55031","title":{"rendered":"La Generalitat se desmarca de la reactivaci\u00f3n de la web del 1-O"},"content":{"rendered":"<p>Cuando faltan menos de dos meses para el primer aniversario del refer\u00e9ndum ilegal del 1-O -con el que el Gobierno de Carles Puigdemont pretendi\u00f3 retar al Estado y promover la secesi\u00f3n de Catalu\u00f1a- el portal de esa consulta inconstitucional ha vuelto a la vida. Sin embargo, desde la Generalitat niegan tener nada que ver con este paso, que les ha cogido a contrapi\u00e9. Fuentes del Ejecutivo catal\u00e1n han explicado a ABC que la puesta en marcha de la web no responde \u00aba ninguna orden ni voluntad pol\u00edtica\u00bb. Asimismo, han enmarcado este hecho en meros \u00abaspectos t\u00e9cnicos\u00bb de dominios y servidores que, seg\u00fan el Govern, pueden haber derivado en la reactivaci\u00f3n de la web de forma \u00abautom\u00e1tica\u00bb. \u00abEs un dominio de la Generalitat que no se sabe si se tendr\u00e1 que usar m\u00e1s adelante o no, pero ahora mismo no hay ninguna voluntad para eso. Primero miraremos de donde viene este hecho y se decidir\u00e1 qu\u00e9 hacer, pero no es una cosa que hayamos promovido\u00bb, han apuntado esas mismas fuentes antes de reconocer que han conocido el caso a trav\u00e9s de la informaci\u00f3n publicada hoy por ABC. Id\u00e9ntica a la web cerrada el a\u00f1o pasado Seg\u00fan se puede constatar todav\u00eda ahora, el portal original -que fue clausurado por el juez instructor del n\u00famero 13 de Barcelona por orden del Tribunal Constitucional- sigue en marcha. No obstante, en la mencionada p\u00e1gina no se incorpora nueva informaci\u00f3n ni ninguna explicaci\u00f3n sobre el porqu\u00e9 de su \u00abresurecci\u00f3n\u00bb. El cierre de la web de refer\u00e9ndum por orden de la Justicia provoc\u00f3 que un gran n\u00famero de activistas independentistas abrieran nuevos portales con el mismo contenido que durante d\u00edas se dedic\u00f3 a rebotar el propio Puigdemont en su cuenta de Twitter. Muchos de estos activistas digitales acabaron procesados y han sido citados a declarar en los \u00faltimos meses por delitos de \u00abdesobediencia\u00bb.<br \/>\nVia: <a href=\"https:\/\/www.abc.es\/espana\/catalunya\/politica\/abci-generalitat-reactiva-referendum-ilegal-201808211238_noticia.html\" target=\"_blank\">La Generalitat se desmarca de la reactivaci\u00f3n de la web del 1-O<\/a><\/p>\n","protected":false},"excerpt":{"rendered":"<p>Cuando faltan menos de dos meses para el primer aniversario del refer\u00e9ndum ilegal del 1-O -con el que el Gobierno de Carles Puigdemont pretendi\u00f3 retar al Estado y promover la secesi\u00f3n de Catalu\u00f1a- el portal de esa consulta inconstitucional ha vuelto a la vida. Sin embargo, desde la Generalitat niegan [&hellip;]<\/p>\n","protected":false},"author":2,"featured_media":55032,"comment_status":"open","ping_status":"closed","sticky":false,"template":"","format":"standard","meta":{"footnotes":""},"categories":[6],"tags":[],"class_list":["post-55031","post","type-post","status-publish","format-standard","has-post-thumbnail","hentry","category-spanish"],"_links":{"self":[{"href":"https:\/\/theworldwidejournal.com\/index.php?rest_route=\/wp\/v2\/posts\/55031","targetHints":{"allow":["GET"]}}],"collection":[{"href":"https:\/\/theworldwidejournal.com\/index.php?rest_route=\/wp\/v2\/posts"}],"about":[{"href":"https:\/\/theworldwidejournal.com\/index.php?rest_route=\/wp\/v2\/types\/post"}],"author":[{"embeddable":true,"href":"https:\/\/theworldwidejournal.com\/index.php?rest_route=\/wp\/v2\/users\/2"}],"replies":[{"embeddable":true,"href":"https:\/\/theworldwidejournal.com\/index.php?rest_route=%2Fwp%2Fv2%2Fcomments&post=55031"}],"version-history":[{"count":0,"href":"https:\/\/theworldwidejournal.com\/index.php?rest_route=\/wp\/v2\/posts\/55031\/revisions"}],"wp:featuredmedia":[{"embeddable":true,"href":"https:\/\/theworldwidejournal.com\/index.php?rest_route=\/wp\/v2\/media\/55032"}],"wp:attachment":[{"href":"https:\/\/theworldwidejournal.com\/index.php?rest_route=%2Fwp%2Fv2%2Fmedia&parent=55031"}],"wp:term":[{"taxonomy":"category","embeddable":true,"href":"https:\/\/theworldwidejournal.com\/index.php?rest_route=%2Fwp%2Fv2%2Fcategories&post=55031"},{"taxonomy":"post_tag","embeddable":true,"href":"https:\/\/theworldwidejournal.com\/index.php?rest_route=%2Fwp%2Fv2%2Ftags&post=55031"}],"curies":[{"name":"wp","href":"https:\/\/api.w.org\/{rel}","templated":true}]}}