{"id":55033,"date":"1970-01-01T01:00:00","date_gmt":"1970-01-01T00:00:00","guid":{"rendered":"https:\/\/theworldwidejournal.com\/1970\/01\/01\/un-juez-belga-pospone-hasta-septiembre-la-decision-sobre-la-posible-entrega-de-valtonyc-a-espana\/"},"modified":"1970-01-01T01:00:00","modified_gmt":"1970-01-01T00:00:00","slug":"un-juez-belga-pospone-hasta-septiembre-la-decision-sobre-la-posible-entrega-de-valtonyc-a-espana","status":"publish","type":"post","link":"https:\/\/theworldwidejournal.com\/?p=55033","title":{"rendered":"Un juez belga pospone hasta septiembre la decisi\u00f3n sobre la posible entrega de Valtonyc a Espa\u00f1a"},"content":{"rendered":"<p>El rapero mallorqu\u00edn Josep Miquel Arenas, conocido art\u00edsticamente como Valtonyc, ha comparecido este martes ante el juez en la ciudad belga de Gante, en una audiencia en la que el magistrado deb\u00eda decidir sobre su posible entrega a Espa\u00f1a. Dicha comparecencia se ha producido despu\u00e9s de que el pasado 24 de mayo la Audiencia Nacional hubiera dictado una euroorden de busca y captura del cantante, tras confirmarse que hab\u00eda huido de Espa\u00f1a. Finalmente, el juez ha decidido hoy posponer hasta el pr\u00f3ximo 3 de septiembre su decisi\u00f3n, a la espera de recibir las alegaciones que pueda presentar la Fiscal\u00eda a los argumentos expuestos esta ma\u00f1ana por los abogados del rapero. Cabe recordar que Valtonyc deber\u00eda haber ingresado en prisi\u00f3n el citado 24 de mayo, fecha en que expiraba el plazo concedido por la Audiencia Nacional para que el artista entrase en un centro penitenciario para cumplir la pena de tres a\u00f1os y medio de c\u00e1rcel que le fue impuesta inicialmente en febrero de 2017. Dicha pena fue posteriormente confirmada en su integridad por el Tribunal Supremo. El ingreso en prisi\u00f3n del artista mallorqu\u00edn finalmente no se produjo, ya que, como trascendi\u00f3 el 23 de mayo, hab\u00eda huido de Espa\u00f1a hac\u00eda ya varios d\u00edas, con destino a B\u00e9lgica, en donde reside en la actualidad. Como se ha se\u00f1alado ya, ante la circunstancia de su huida la Audiencia Nacional orden\u00f3, a petici\u00f3n de la Fiscal\u00eda, la busca y captura del rapero, para que fuese puesto a disposici\u00f3n judicial en Espa\u00f1a. Con posterioridad, el pasado 5 de julio, un juez de instrucci\u00f3n belga decidi\u00f3 mantener a Valtonyc en situaci\u00f3n de libertad condicional, a la espera de que otro magistrado estudiase su posible entrega a Espa\u00f1a. Dicha situaci\u00f3n no se producir\u00e1 por el momento, tras la resoluci\u00f3n judicial tomada hoy en Gante. Condenado en Espa\u00f1a Valtonyc fue condenado a tres a\u00f1os y medio de c\u00e1rcel por los delitos de enaltecimiento del terrorismo, injurias graves a la Corona y amenazas. La pena por el primer delito fue de dos a\u00f1os de prisi\u00f3n, la del segundo ascendi\u00f3 a un a\u00f1o y la del tercero fue de seis meses. La sentencia condenatoria obligaba adem\u00e1s al cantante a indemnizar con 3.000 euros al presidente de la hoy extinta entidad C\u00edrculo Balear, Jorge Campos, que en la actualidad es el l\u00edder del nuevo partido pol\u00edtico Act\u00faa Baleares. La denuncia originaria contra el int\u00e9rprete isle\u00f1o hab\u00eda sido presentada en 2012 por Campos, por el tema \u00abCirco balear\u00bb. En dicha canci\u00f3n, el cantante criticaba a Don Juan Carlos, propon\u00eda \u00abocupar\u00bb el Palacio de Marivent \u2014residencia estival de los Reyes en Mallorca\u2014 y tambi\u00e9n dec\u00eda que Campos merec\u00eda morir. En otras canciones, citadas expl\u00edcitamente en la sentencia, Valtonyc apoyaba con sus letras diversos asesinatos cometidos por las bandas terroristas GRAPO y ETA. Seg\u00fan ha explicado este martes a ABC uno de los abogados de Valtonyc, Gonzalo Boye, esta ma\u00f1ana la defensa del rapero ha expuesto ante el mencionado juez de Gante que Valtonyc no habr\u00eda cometido \u00abning\u00fan delito de terrorismo\u00bb, como consta en la euroorden de la Audiencia Nacional, sino que fue condenado por \u00abun delito de opini\u00f3n\u00bb. Boye ha se\u00f1alado tambi\u00e9n que a partir de ahora \u00abhabr\u00e1 que ver adem\u00e1s si los hechos recogidos en la sentencia de la Audiencia Nacional son constitutivos de alg\u00fan delito en B\u00e9lgica\u00bb.<br \/>\nVia: <a href=\"https:\/\/www.abc.es\/espana\/abci-juez-belga-pospone-hasta-septiembre-decision-sobre-posible-entrega-valtonyc-espana-201808211113_noticia.html\" target=\"_blank\">Un juez belga pospone hasta septiembre la decisi\u00f3n sobre la posible entrega de Valtonyc a Espa\u00f1a<\/a><\/p>\n","protected":false},"excerpt":{"rendered":"<p>El rapero mallorqu\u00edn Josep Miquel Arenas, conocido art\u00edsticamente como Valtonyc, ha comparecido este martes ante el juez en la ciudad belga de Gante, en una audiencia en la que el magistrado deb\u00eda decidir sobre su posible entrega a Espa\u00f1a. Dicha comparecencia se ha producido despu\u00e9s de que el pasado 24 [&hellip;]<\/p>\n","protected":false},"author":2,"featured_media":55034,"comment_status":"open","ping_status":"closed","sticky":false,"template":"","format":"standard","meta":{"footnotes":""},"categories":[6],"tags":[],"class_list":["post-55033","post","type-post","status-publish","format-standard","has-post-thumbnail","hentry","category-spanish"],"_links":{"self":[{"href":"https:\/\/theworldwidejournal.com\/index.php?rest_route=\/wp\/v2\/posts\/55033","targetHints":{"allow":["GET"]}}],"collection":[{"href":"https:\/\/theworldwidejournal.com\/index.php?rest_route=\/wp\/v2\/posts"}],"about":[{"href":"https:\/\/theworldwidejournal.com\/index.php?rest_route=\/wp\/v2\/types\/post"}],"author":[{"embeddable":true,"href":"https:\/\/theworldwidejournal.com\/index.php?rest_route=\/wp\/v2\/users\/2"}],"replies":[{"embeddable":true,"href":"https:\/\/theworldwidejournal.com\/index.php?rest_route=%2Fwp%2Fv2%2Fcomments&post=55033"}],"version-history":[{"count":0,"href":"https:\/\/theworldwidejournal.com\/index.php?rest_route=\/wp\/v2\/posts\/55033\/revisions"}],"wp:featuredmedia":[{"embeddable":true,"href":"https:\/\/theworldwidejournal.com\/index.php?rest_route=\/wp\/v2\/media\/55034"}],"wp:attachment":[{"href":"https:\/\/theworldwidejournal.com\/index.php?rest_route=%2Fwp%2Fv2%2Fmedia&parent=55033"}],"wp:term":[{"taxonomy":"category","embeddable":true,"href":"https:\/\/theworldwidejournal.com\/index.php?rest_route=%2Fwp%2Fv2%2Fcategories&post=55033"},{"taxonomy":"post_tag","embeddable":true,"href":"https:\/\/theworldwidejournal.com\/index.php?rest_route=%2Fwp%2Fv2%2Ftags&post=55033"}],"curies":[{"name":"wp","href":"https:\/\/api.w.org\/{rel}","templated":true}]}}